{"id":52696,"date":"2025-05-16T09:17:15","date_gmt":"2025-05-16T07:17:15","guid":{"rendered":"https:\/\/cambraterrassa.org\/digital-summit-2025-ciberseguretat-per-al-creixement-empresarial\/"},"modified":"2026-03-06T09:26:19","modified_gmt":"2026-03-06T08:26:19","slug":"digital-summit-2025-ciberseguridad-para-el-crecimiento-empresarial","status":"publish","type":"post","link":"https:\/\/cambraterrassa.org\/es\/digital-summit-2025-ciberseguridad-para-el-crecimiento-empresarial\/","title":{"rendered":"La C\u00e1mara de Comercio de Terrassa celebra la tercera edici\u00f3n del Digital Summit, centrada en la ciberseguridad como eje estrat\u00e9gico para el crecimiento empresarial"},"content":{"rendered":"\t\t<div data-elementor-type=\"wp-post\" data-elementor-id=\"52696\" class=\"elementor elementor-52696 elementor-45579\" data-elementor-post-type=\"post\">\n\t\t\t\t<div class=\"elementor-element elementor-element-1b1e165b e-flex e-con-boxed e-con e-parent\" data-id=\"1b1e165b\" data-element_type=\"container\" data-e-type=\"container\">\n\t\t\t\t\t<div class=\"e-con-inner\">\n\t\t\t\t<div class=\"elementor-element elementor-element-7329beec elementor-widget elementor-widget-text-editor\" data-id=\"7329beec\" data-element_type=\"widget\" data-e-type=\"widget\" data-widget_type=\"text-editor.default\">\n\t\t\t\t<div class=\"elementor-widget-container\">\n\t\t\t\t\t\t\t\t\t<p style=\"text-align: center;\"><em>Dijous, 22 de maig, a Cinesa Parc Vall\u00e8s<\/em><\/p><h2 style=\"text-align: center;\">La Cambra de Comer\u00e7 de Terrassa celebra la tercera edici\u00f3 del Digital Summit, centrada en la ciberseguretat com a eix estrat\u00e8gic per al creixement empresarial\u00a0<\/h2><p style=\"text-align: center;\"><b>La sessi\u00f3 est\u00e0 especialment adre\u00e7ada a PIMEs i <\/b><strong>professionals aut\u00f2noms<\/strong><\/p><p>\u00a0<\/p><p><strong>Terrassa, 16 maig de 2025<\/strong> &#8211; El pr\u00f2xim dijous, 22 de maig, la Cambra de Comer\u00e7 de Terrassa celebrar\u00e0 el Digital Summit&#8217;25, una jornada que posar\u00e0 el focus en la ciberseguretat com a element clau per protegir i fer cr\u00e9ixer els negocis en un entorn cada cop m\u00e9s digitalitzat. L&#8217;esdeveniment, impulsat per l&#8217;Oficina AceleraPyme per al Kit Digital, tindr\u00e0 lloc a Cinesa Parc Vall\u00e8s de 9:00 a 12:00 h, i est\u00e0 especialment dirigit a PIMEs i professionals aut\u00f2noms que volen entendre com blindar els seus actius digitals i convertir la seguretat en un avantatge competitiu.<\/p><p>El president de la corporaci\u00f3, Sr. Ramon Talam\u00e0s, donar\u00e0 la benvinguda als assistents i far\u00e0 l\u2019obertura institucional del Digital Summit\u201925. La periodista, comunicadora i experta en tecnologia, Sra. Mariola Dinar\u00e9s, conduir\u00e0 la jornada.<\/p><p>Aquesta \u00e9s la tercera edici\u00f3 del Digital Summit que impulsa la Cambra de Comer\u00e7 de Terrassa, amb l\u2019objectiu de donar resposta a les necessitats reals del teixit empresarial del territori en mat\u00e8ria de transformaci\u00f3 digital. En aquesta ocasi\u00f3, posa la mirada en la protecci\u00f3 contra els ciberatacs, la gesti\u00f3 de riscos digitals i com avan\u00e7ar en una digitalitzaci\u00f3 segura dels negocis. Des dels serveis de digitalitzaci\u00f3 de l\u2019entitat terrassenca recorden que \u201c<em>el 60% de les empreses que pateixen un ciberatac, no sobreviuen m\u00e9s d\u2019un any. La majoria podria haver-se evitat\u201d,<\/em><\/p><p><strong>Ponents<\/strong><\/p><p>La jornada comptar\u00e0 amb la participaci\u00f3 d&#8217;experts reconeguts en ciberseguretat, que compartiran les seves experi\u00e8ncies i consells pr\u00e0ctics per protegir les empreses dels riscos digitals:<br \/><br \/>L\u2019expert en seguretat ofensiva i hacker \u00e8tic, Sr. Eloi Manuel, obrir\u00e0 la jornada amb la pon\u00e8ncia <strong><em>\u201cPensa com un hacker: adopta el security mindset\u201d.<\/em><\/strong> L\u2019enginyer inform\u00e0tic desvetllar\u00e0 com detectar vulnerabilitats abans que ho facin els atacants i compartir\u00e0 casos reals per entendre com transformar la por en estrat\u00e8gia i la seguretat en cultura. Eloi Manuel \u00e9s un referent en la divulgaci\u00f3 de bones pr\u00e0ctiques en seguretat digital, especialment en l\u2019\u00e0mbit de les PIMEs.<\/p><p>El CIO de Heavymovement, Sr. Jes\u00fas \u00c1lvarez, exposar\u00e0 el cas real d\u2019un frau digital sofert per la seva empresa a trav\u00e9s d\u2019un atac per correu electr\u00f2nic. Amb la pon\u00e8ncia \u201c<strong><em>El risc de la suplantaci\u00f3 d\u2019identitat en el correu electr\u00f2nic\u201d, <\/em><\/strong>aquest enginyer industrial analitzar\u00e0 les mesures de prevenci\u00f3 i la import\u00e0ncia de fomentar una cultura de seguretat.<\/p><p>El responsable de Transformaci\u00f3 i Operacions en Ciberseguretat de DXC Technology per a Iberia, Sr. Antoni Lorenzana, intervindr\u00e0 amb <strong><em>\u201cNo tot est\u00e0 perdut: prevenci\u00f3 i protecci\u00f3\u201d,<\/em><\/strong> una sessi\u00f3 pr\u00e0ctica amb accions immediates i solucions per prioritzar riscos i protegir l\u2019empresa amb recursos assequibles.<\/p><p>La fundadora i CEO d\u2019OnBRANDING, Sra. Selva Orej\u00f3n, tancar\u00e0 les pon\u00e8ncies amb \u201c<strong><em>Ciberseguretat i Reputaci\u00f3 a l\u2019Era de la Desinformaci\u00f3<\/em><\/strong>\u201d. L\u2019experta en protecci\u00f3 de marca i ciberseguretat revisar\u00e0 l\u2019impacte d\u2019atacs silenciosos a la reputaci\u00f3 corporativa i com implementar estrat\u00e8gies de defensa digital i geopol\u00edtica a les empreses. Despr\u00e9s de les pon\u00e8ncies, els assistents tindran l&#8217;oportunitat de participar en una taula rodona amb els experts, seguit d&#8217;un debat obert per resoldre dubtes i compartir experi\u00e8ncies.<\/p><p>La cloenda de la jornada anir\u00e0 a c\u00e0rrec de la Sra. Helena Rodr\u00edguez, directora de Certificacions de l&#8217;Ag\u00e8ncia de Ciberseguretat de Catalunya, que oferir\u00e0 una visi\u00f3 final sobre la import\u00e0ncia de la seguretat digital per a les empreses catalanes. L\u2019assist\u00e8ncia a aquesta jornada \u00e9s gratu\u00efta pr\u00e8via inscripci\u00f3. (Per a m\u00e9s informaci\u00f3 i inscripcions: <a href=\"https:\/\/cambraterrassa.org\/agenda\/digital-summit-2025\/\">https:\/\/cambraterrassa.org\/agenda\/digital-summit-2025\/<\/a>)<\/p>\t\t\t\t\t\t\t\t<\/div>\n\t\t\t\t<\/div>\n\t\t\t\t\t<\/div>\n\t\t\t\t<\/div>\n\t\t<div class=\"elementor-element elementor-element-5021931 e-con-full e-flex e-con e-child\" data-id=\"5021931\" data-element_type=\"container\" data-e-type=\"container\">\n\t\t\t\t<div class=\"elementor-element elementor-element-6cbdd4a elementor-widget-divider--view-line elementor-widget elementor-widget-divider\" data-id=\"6cbdd4a\" data-element_type=\"widget\" data-e-type=\"widget\" data-widget_type=\"divider.default\">\n\t\t\t\t<div class=\"elementor-widget-container\">\n\t\t\t\t\t\t\t<div class=\"elementor-divider\">\n\t\t\t<span class=\"elementor-divider-separator\">\n\t\t\t\t\t\t<\/span>\n\t\t<\/div>\n\t\t\t\t\t\t<\/div>\n\t\t\t\t<\/div>\n\t\t\t\t<div class=\"elementor-element elementor-element-a985f32 elementor-widget elementor-widget-text-editor\" data-id=\"a985f32\" data-element_type=\"widget\" data-e-type=\"widget\" data-widget_type=\"text-editor.default\">\n\t\t\t\t<div class=\"elementor-widget-container\">\n\t\t\t\t\t\t\t\t\t<ul><li><a href=\"https:\/\/www.aldia.cat\/espanya\/noticia-cambra-terrassa-celebra-3a-edicio-digital-summit-ciberseguretat-20250519122136.html\" target=\"_blank\" rel=\"noopener\"><strong data-start=\"1270\" data-end=\"1277\">Al Dia<\/strong> | La Cambra de Terrassa celebra la 3a edici\u00f3 del Digital Summit sobre ciberseguretat<\/a><\/li><li><a href=\"https:\/\/www.diarideterrassa.com\/economia\/ciberseguretat-tercera-edicio-digital-summit-cambra-comerc-terrassa.html\" target=\"_blank\" rel=\"noopener\"><strong data-start=\"324\" data-end=\"345\">Diari de Terrassa<\/strong> | La ciberseguretat centrar\u00e0 la tercera edici\u00f3 del Digital Summit de la Cambra<\/a><\/li><li><a href=\"https:\/\/www.europapress.es\/catalunya\/noticia-camara-terrassa-barcelona-celebra-edicion-digital-summit-ciberseguridad-20250519115408.html\" target=\"_blank\" rel=\"noopener\"><strong data-start=\"489\" data-end=\"504\" data-is-only-node=\"\">EuropaPress<\/strong> | La C\u00e1mara de Terrassa (Barcelona) celebra la 3 edici\u00f3n del Digital Summit sobre ciberseguridad<\/a><\/li><li><a href=\"http:\/\/www.gentedigital.es\/catalunya\/noticia\/4071656\/la-camara-de-terrassa-barcelona-celebra-la-3-edicion-del-digital-summit-sobre-ciberseguridad\/\" target=\"_blank\" rel=\"noopener\"><strong data-start=\"621\" data-end=\"638\">Gente Digital<\/strong> | La C\u00e1mara de Terrassa (Barcelona) celebra la 3 edici\u00f3n del Digital Summit sobre ciberseguridad<\/a><\/li><li><a href=\"https:\/\/www.viaempresa.cat\/empresa\/cambra-comerc-terrassa-celebra-tercera-edicio-digital-summit_2214275_102.html\" target=\"_blank\" rel=\"noopener\"><strong data-start=\"767\" data-end=\"782\">Via Empresa<\/strong> | La Cambra de Comer\u00e7 de Terrassa celebra la tercera edici\u00f3 del &#8216;Digital Summit&#8217;<\/a><\/li><\/ul>\t\t\t\t\t\t\t\t<\/div>\n\t\t\t\t<\/div>\n\t\t\t\t<\/div>\n\t\t<div class=\"elementor-element elementor-element-fd6d4d0 e-flex e-con-boxed e-con e-parent\" data-id=\"fd6d4d0\" data-element_type=\"container\" data-e-type=\"container\">\n\t\t\t\t\t<div class=\"e-con-inner\">\n\t\t\t\t<div class=\"elementor-element elementor-element-e72869e elementor-widget elementor-widget-spacer\" data-id=\"e72869e\" data-element_type=\"widget\" data-e-type=\"widget\" data-widget_type=\"spacer.default\">\n\t\t\t\t<div class=\"elementor-widget-container\">\n\t\t\t\t\t\t\t<div class=\"elementor-spacer\">\n\t\t\t<div class=\"elementor-spacer-inner\"><\/div>\n\t\t<\/div>\n\t\t\t\t\t\t<\/div>\n\t\t\t\t<\/div>\n\t\t\t\t\t<\/div>\n\t\t\t\t<\/div>\n\t\t\t\t<\/div>\n\t\t","protected":false},"excerpt":{"rendered":"<p>Dijous, 22 de maig, a Cinesa Parc Vall\u00e8s La Cambra de Comer\u00e7 de Terrassa celebra la tercera edici\u00f3 del Digital Summit, centrada en la ciberseguretat com a eix estrat\u00e8gic per [&hellip;]<\/p>\n","protected":false},"author":2,"featured_media":36891,"comment_status":"closed","ping_status":"open","sticky":false,"template":"","format":"standard","meta":{"_acf_changed":false,"site-sidebar-layout":"default","site-content-layout":"","ast-site-content-layout":"default","site-content-style":"default","site-sidebar-style":"default","ast-global-header-display":"","ast-banner-title-visibility":"","ast-main-header-display":"","ast-hfb-above-header-display":"","ast-hfb-below-header-display":"","ast-hfb-mobile-header-display":"","site-post-title":"","ast-breadcrumbs-content":"","ast-featured-img":"","footer-sml-layout":"","ast-disable-related-posts":"","theme-transparent-header-meta":"","adv-header-id-meta":"","stick-header-meta":"","header-above-stick-meta":"","header-main-stick-meta":"","header-below-stick-meta":"","astra-migrate-meta-layouts":"default","ast-page-background-enabled":"default","ast-page-background-meta":{"desktop":{"background-color":"var(--ast-global-color-4)","background-image":"","background-repeat":"repeat","background-position":"center center","background-size":"auto","background-attachment":"scroll","background-type":"","background-media":"","overlay-type":"","overlay-color":"","overlay-opacity":"","overlay-gradient":""},"tablet":{"background-color":"","background-image":"","background-repeat":"repeat","background-position":"center center","background-size":"auto","background-attachment":"scroll","background-type":"","background-media":"","overlay-type":"","overlay-color":"","overlay-opacity":"","overlay-gradient":""},"mobile":{"background-color":"","background-image":"","background-repeat":"repeat","background-position":"center center","background-size":"auto","background-attachment":"scroll","background-type":"","background-media":"","overlay-type":"","overlay-color":"","overlay-opacity":"","overlay-gradient":""}},"ast-content-background-meta":{"desktop":{"background-color":"var(--ast-global-color-5)","background-image":"","background-repeat":"repeat","background-position":"center center","background-size":"auto","background-attachment":"scroll","background-type":"","background-media":"","overlay-type":"","overlay-color":"","overlay-opacity":"","overlay-gradient":""},"tablet":{"background-color":"var(--ast-global-color-5)","background-image":"","background-repeat":"repeat","background-position":"center center","background-size":"auto","background-attachment":"scroll","background-type":"","background-media":"","overlay-type":"","overlay-color":"","overlay-opacity":"","overlay-gradient":""},"mobile":{"background-color":"var(--ast-global-color-5)","background-image":"","background-repeat":"repeat","background-position":"center center","background-size":"auto","background-attachment":"scroll","background-type":"","background-media":"","overlay-type":"","overlay-color":"","overlay-opacity":"","overlay-gradient":""}},"footnotes":""},"categories":[158],"tags":[],"class_list":["post-52696","post","type-post","status-publish","format-standard","has-post-thumbnail","hentry","category-noticias-cambra"],"acf":[],"yoast_head":"<title>La C\u00e1mara de Comercio de Terrassa celebra la tercera edici\u00f3n del Digital Summit, centrada en la ciberseguridad como eje estrat\u00e9gico para el crecimiento empresarial - Cambra de Comer\u00e7 de Terrassa<\/title>\n<meta name=\"description\" content=\"Nou videop\u00f2dcast de la Cambra sobre digitalitzaci\u00f3 i negocis, amb Mariola Dinar\u00e8s i experts. Ja disponible a YouTube i Spotify.\" \/>\n<meta name=\"robots\" content=\"index, follow, max-snippet:-1, max-image-preview:large, max-video-preview:-1\" \/>\n<link rel=\"canonical\" href=\"https:\/\/cambraterrassa.org\/es\/wp-json\/wp\/v2\/posts\/52696\/\" \/>\n<meta property=\"og:locale\" content=\"es_ES\" \/>\n<meta property=\"og:type\" content=\"article\" \/>\n<meta property=\"og:title\" content=\"La C\u00e1mara de Comercio de Terrassa celebra la tercera edici\u00f3n del Digital Summit, centrada en la ciberseguridad como eje estrat\u00e9gico para el crecimiento empresarial - Cambra de Comer\u00e7 de Terrassa\" \/>\n<meta property=\"og:description\" content=\"Nou videop\u00f2dcast de la Cambra sobre digitalitzaci\u00f3 i negocis, amb Mariola Dinar\u00e8s i experts. Ja disponible a YouTube i Spotify.\" \/>\n<meta property=\"og:url\" content=\"https:\/\/cambraterrassa.org\/digital-summit-2025-ciberseguretat-per-al-creixement-empresarial\/\" \/>\n<meta property=\"og:site_name\" content=\"Cambra de Comer\u00e7 de Terrassa\" \/>\n<meta property=\"article:published_time\" content=\"2025-05-16T07:17:15+00:00\" \/>\n<meta property=\"article:modified_time\" content=\"2026-03-06T08:26:19+00:00\" \/>\n<meta property=\"og:image\" content=\"https:\/\/cambraterrassa.org\/wp-content\/uploads\/2024\/11\/Digital-Summit-2024-22-scaled.webp\" \/>\n\t<meta property=\"og:image:width\" content=\"2560\" \/>\n\t<meta property=\"og:image:height\" content=\"1707\" \/>\n\t<meta property=\"og:image:type\" content=\"image\/webp\" \/>\n<meta name=\"author\" content=\"Cambra de Comer\u00e7 de Terrassa\" \/>\n<meta name=\"twitter:card\" content=\"summary_large_image\" \/>\n<meta name=\"twitter:label1\" content=\"Escrito por\" \/>\n\t<meta name=\"twitter:data1\" content=\"Cambra de Comer\u00e7 de Terrassa\" \/>\n\t<meta name=\"twitter:label2\" content=\"Tiempo de lectura\" \/>\n\t<meta name=\"twitter:data2\" content=\"4 minutos\" \/>\n<script type=\"application\/ld+json\" class=\"yoast-schema-graph\">{\"@context\":\"https:\\\/\\\/schema.org\",\"@graph\":[{\"@type\":\"Article\",\"@id\":\"https:\\\/\\\/cambraterrassa.org\\\/digital-summit-2025-ciberseguretat-per-al-creixement-empresarial\\\/#article\",\"isPartOf\":{\"@id\":\"https:\\\/\\\/cambraterrassa.org\\\/digital-summit-2025-ciberseguretat-per-al-creixement-empresarial\\\/\"},\"author\":{\"name\":\"Cambra de Comer\u00e7 de Terrassa\",\"@id\":\"https:\\\/\\\/cambraterrassa.org\\\/#\\\/schema\\\/person\\\/af7c45c05606fa1491faf6f44e0c4cfe\"},\"headline\":\"La C\u00e1mara de Comercio de Terrassa celebra la tercera edici\u00f3n del Digital Summit, centrada en la ciberseguridad como eje estrat\u00e9gico para el crecimiento empresarial\",\"datePublished\":\"2025-05-16T07:17:15+00:00\",\"dateModified\":\"2026-03-06T08:26:19+00:00\",\"mainEntityOfPage\":{\"@id\":\"https:\\\/\\\/cambraterrassa.org\\\/digital-summit-2025-ciberseguretat-per-al-creixement-empresarial\\\/\"},\"wordCount\":754,\"image\":{\"@id\":\"https:\\\/\\\/cambraterrassa.org\\\/digital-summit-2025-ciberseguretat-per-al-creixement-empresarial\\\/#primaryimage\"},\"thumbnailUrl\":\"https:\\\/\\\/cambraterrassa.org\\\/wp-content\\\/uploads\\\/2024\\\/11\\\/Digital-Summit-2024-22-scaled.webp\",\"articleSection\":[\"Noticias Cambra\"],\"inLanguage\":\"es\"},{\"@type\":\"WebPage\",\"@id\":\"https:\\\/\\\/cambraterrassa.org\\\/digital-summit-2025-ciberseguretat-per-al-creixement-empresarial\\\/\",\"url\":\"https:\\\/\\\/cambraterrassa.org\\\/digital-summit-2025-ciberseguretat-per-al-creixement-empresarial\\\/\",\"name\":\"La C\u00e1mara de Comercio de Terrassa celebra la tercera edici\u00f3n del Digital Summit, centrada en la ciberseguridad como eje estrat\u00e9gico para el crecimiento empresarial - Cambra de Comer\u00e7 de Terrassa\",\"isPartOf\":{\"@id\":\"https:\\\/\\\/cambraterrassa.org\\\/#website\"},\"primaryImageOfPage\":{\"@id\":\"https:\\\/\\\/cambraterrassa.org\\\/digital-summit-2025-ciberseguretat-per-al-creixement-empresarial\\\/#primaryimage\"},\"image\":{\"@id\":\"https:\\\/\\\/cambraterrassa.org\\\/digital-summit-2025-ciberseguretat-per-al-creixement-empresarial\\\/#primaryimage\"},\"thumbnailUrl\":\"https:\\\/\\\/cambraterrassa.org\\\/wp-content\\\/uploads\\\/2024\\\/11\\\/Digital-Summit-2024-22-scaled.webp\",\"datePublished\":\"2025-05-16T07:17:15+00:00\",\"dateModified\":\"2026-03-06T08:26:19+00:00\",\"author\":{\"@id\":\"https:\\\/\\\/cambraterrassa.org\\\/#\\\/schema\\\/person\\\/af7c45c05606fa1491faf6f44e0c4cfe\"},\"description\":\"Nou videop\u00f2dcast de la Cambra sobre digitalitzaci\u00f3 i negocis, amb Mariola Dinar\u00e8s i experts. Ja disponible a YouTube i Spotify.\",\"breadcrumb\":{\"@id\":\"https:\\\/\\\/cambraterrassa.org\\\/digital-summit-2025-ciberseguretat-per-al-creixement-empresarial\\\/#breadcrumb\"},\"inLanguage\":\"es\",\"potentialAction\":[{\"@type\":\"ReadAction\",\"target\":[\"https:\\\/\\\/cambraterrassa.org\\\/digital-summit-2025-ciberseguretat-per-al-creixement-empresarial\\\/\"]}]},{\"@type\":\"ImageObject\",\"inLanguage\":\"es\",\"@id\":\"https:\\\/\\\/cambraterrassa.org\\\/digital-summit-2025-ciberseguretat-per-al-creixement-empresarial\\\/#primaryimage\",\"url\":\"https:\\\/\\\/cambraterrassa.org\\\/wp-content\\\/uploads\\\/2024\\\/11\\\/Digital-Summit-2024-22-scaled.webp\",\"contentUrl\":\"https:\\\/\\\/cambraterrassa.org\\\/wp-content\\\/uploads\\\/2024\\\/11\\\/Digital-Summit-2024-22-scaled.webp\",\"width\":2560,\"height\":1707},{\"@type\":\"BreadcrumbList\",\"@id\":\"https:\\\/\\\/cambraterrassa.org\\\/digital-summit-2025-ciberseguretat-per-al-creixement-empresarial\\\/#breadcrumb\",\"itemListElement\":[{\"@type\":\"ListItem\",\"position\":1,\"name\":\"Inici\",\"item\":\"https:\\\/\\\/cambraterrassa.org\\\/\"},{\"@type\":\"ListItem\",\"position\":2,\"name\":\"La C\u00e1mara de Comercio de Terrassa celebra la tercera edici\u00f3n del Digital Summit, centrada en la ciberseguridad como eje estrat\u00e9gico para el crecimiento empresarial\"}]},{\"@type\":\"WebSite\",\"@id\":\"https:\\\/\\\/cambraterrassa.org\\\/#website\",\"url\":\"https:\\\/\\\/cambraterrassa.org\\\/\",\"name\":\"Cambra de Comer\u00e7 de Terrassa\",\"description\":\"\",\"potentialAction\":[{\"@type\":\"SearchAction\",\"target\":{\"@type\":\"EntryPoint\",\"urlTemplate\":\"https:\\\/\\\/cambraterrassa.org\\\/?s={search_term_string}\"},\"query-input\":{\"@type\":\"PropertyValueSpecification\",\"valueRequired\":true,\"valueName\":\"search_term_string\"}}],\"inLanguage\":\"es\"},{\"@type\":\"Person\",\"@id\":\"https:\\\/\\\/cambraterrassa.org\\\/#\\\/schema\\\/person\\\/af7c45c05606fa1491faf6f44e0c4cfe\",\"name\":\"Cambra de Comer\u00e7 de Terrassa\",\"image\":{\"@type\":\"ImageObject\",\"inLanguage\":\"es\",\"@id\":\"https:\\\/\\\/cambraterrassa.org\\\/wp-content\\\/litespeed\\\/avatar\\\/235ff90c171f3799ccd97b4cdf72fa18.jpg?ver=1777655702\",\"url\":\"https:\\\/\\\/cambraterrassa.org\\\/wp-content\\\/litespeed\\\/avatar\\\/235ff90c171f3799ccd97b4cdf72fa18.jpg?ver=1777655702\",\"contentUrl\":\"https:\\\/\\\/cambraterrassa.org\\\/wp-content\\\/litespeed\\\/avatar\\\/235ff90c171f3799ccd97b4cdf72fa18.jpg?ver=1777655702\",\"caption\":\"Cambra de Comer\u00e7 de Terrassa\"},\"url\":\"https:\\\/\\\/cambraterrassa.org\\\/es\\\/author\\\/cambra\\\/\"}]}<\/script>","yoast_head_json":{"title":"La C\u00e1mara de Comercio de Terrassa celebra la tercera edici\u00f3n del Digital Summit, centrada en la ciberseguridad como eje estrat\u00e9gico para el crecimiento empresarial - Cambra de Comer\u00e7 de Terrassa","description":"Nou videop\u00f2dcast de la Cambra sobre digitalitzaci\u00f3 i negocis, amb Mariola Dinar\u00e8s i experts. Ja disponible a YouTube i Spotify.","robots":{"index":"index","follow":"follow","max-snippet":"max-snippet:-1","max-image-preview":"max-image-preview:large","max-video-preview":"max-video-preview:-1"},"canonical":"https:\/\/cambraterrassa.org\/es\/wp-json\/wp\/v2\/posts\/52696\/","og_locale":"es_ES","og_type":"article","og_title":"La C\u00e1mara de Comercio de Terrassa celebra la tercera edici\u00f3n del Digital Summit, centrada en la ciberseguridad como eje estrat\u00e9gico para el crecimiento empresarial - Cambra de Comer\u00e7 de Terrassa","og_description":"Nou videop\u00f2dcast de la Cambra sobre digitalitzaci\u00f3 i negocis, amb Mariola Dinar\u00e8s i experts. Ja disponible a YouTube i Spotify.","og_url":"https:\/\/cambraterrassa.org\/digital-summit-2025-ciberseguretat-per-al-creixement-empresarial\/","og_site_name":"Cambra de Comer\u00e7 de Terrassa","article_published_time":"2025-05-16T07:17:15+00:00","article_modified_time":"2026-03-06T08:26:19+00:00","og_image":[{"width":2560,"height":1707,"url":"https:\/\/cambraterrassa.org\/wp-content\/uploads\/2024\/11\/Digital-Summit-2024-22-scaled.webp","type":"image\/webp"}],"author":"Cambra de Comer\u00e7 de Terrassa","twitter_card":"summary_large_image","twitter_misc":{"Escrito por":"Cambra de Comer\u00e7 de Terrassa","Tiempo de lectura":"4 minutos"},"schema":{"@context":"https:\/\/schema.org","@graph":[{"@type":"Article","@id":"https:\/\/cambraterrassa.org\/digital-summit-2025-ciberseguretat-per-al-creixement-empresarial\/#article","isPartOf":{"@id":"https:\/\/cambraterrassa.org\/digital-summit-2025-ciberseguretat-per-al-creixement-empresarial\/"},"author":{"name":"Cambra de Comer\u00e7 de Terrassa","@id":"https:\/\/cambraterrassa.org\/#\/schema\/person\/af7c45c05606fa1491faf6f44e0c4cfe"},"headline":"La C\u00e1mara de Comercio de Terrassa celebra la tercera edici\u00f3n del Digital Summit, centrada en la ciberseguridad como eje estrat\u00e9gico para el crecimiento empresarial","datePublished":"2025-05-16T07:17:15+00:00","dateModified":"2026-03-06T08:26:19+00:00","mainEntityOfPage":{"@id":"https:\/\/cambraterrassa.org\/digital-summit-2025-ciberseguretat-per-al-creixement-empresarial\/"},"wordCount":754,"image":{"@id":"https:\/\/cambraterrassa.org\/digital-summit-2025-ciberseguretat-per-al-creixement-empresarial\/#primaryimage"},"thumbnailUrl":"https:\/\/cambraterrassa.org\/wp-content\/uploads\/2024\/11\/Digital-Summit-2024-22-scaled.webp","articleSection":["Noticias Cambra"],"inLanguage":"es"},{"@type":"WebPage","@id":"https:\/\/cambraterrassa.org\/digital-summit-2025-ciberseguretat-per-al-creixement-empresarial\/","url":"https:\/\/cambraterrassa.org\/digital-summit-2025-ciberseguretat-per-al-creixement-empresarial\/","name":"La C\u00e1mara de Comercio de Terrassa celebra la tercera edici\u00f3n del Digital Summit, centrada en la ciberseguridad como eje estrat\u00e9gico para el crecimiento empresarial - Cambra de Comer\u00e7 de Terrassa","isPartOf":{"@id":"https:\/\/cambraterrassa.org\/#website"},"primaryImageOfPage":{"@id":"https:\/\/cambraterrassa.org\/digital-summit-2025-ciberseguretat-per-al-creixement-empresarial\/#primaryimage"},"image":{"@id":"https:\/\/cambraterrassa.org\/digital-summit-2025-ciberseguretat-per-al-creixement-empresarial\/#primaryimage"},"thumbnailUrl":"https:\/\/cambraterrassa.org\/wp-content\/uploads\/2024\/11\/Digital-Summit-2024-22-scaled.webp","datePublished":"2025-05-16T07:17:15+00:00","dateModified":"2026-03-06T08:26:19+00:00","author":{"@id":"https:\/\/cambraterrassa.org\/#\/schema\/person\/af7c45c05606fa1491faf6f44e0c4cfe"},"description":"Nou videop\u00f2dcast de la Cambra sobre digitalitzaci\u00f3 i negocis, amb Mariola Dinar\u00e8s i experts. Ja disponible a YouTube i Spotify.","breadcrumb":{"@id":"https:\/\/cambraterrassa.org\/digital-summit-2025-ciberseguretat-per-al-creixement-empresarial\/#breadcrumb"},"inLanguage":"es","potentialAction":[{"@type":"ReadAction","target":["https:\/\/cambraterrassa.org\/digital-summit-2025-ciberseguretat-per-al-creixement-empresarial\/"]}]},{"@type":"ImageObject","inLanguage":"es","@id":"https:\/\/cambraterrassa.org\/digital-summit-2025-ciberseguretat-per-al-creixement-empresarial\/#primaryimage","url":"https:\/\/cambraterrassa.org\/wp-content\/uploads\/2024\/11\/Digital-Summit-2024-22-scaled.webp","contentUrl":"https:\/\/cambraterrassa.org\/wp-content\/uploads\/2024\/11\/Digital-Summit-2024-22-scaled.webp","width":2560,"height":1707},{"@type":"BreadcrumbList","@id":"https:\/\/cambraterrassa.org\/digital-summit-2025-ciberseguretat-per-al-creixement-empresarial\/#breadcrumb","itemListElement":[{"@type":"ListItem","position":1,"name":"Inici","item":"https:\/\/cambraterrassa.org\/"},{"@type":"ListItem","position":2,"name":"La C\u00e1mara de Comercio de Terrassa celebra la tercera edici\u00f3n del Digital Summit, centrada en la ciberseguridad como eje estrat\u00e9gico para el crecimiento empresarial"}]},{"@type":"WebSite","@id":"https:\/\/cambraterrassa.org\/#website","url":"https:\/\/cambraterrassa.org\/","name":"Cambra de Comer\u00e7 de Terrassa","description":"","potentialAction":[{"@type":"SearchAction","target":{"@type":"EntryPoint","urlTemplate":"https:\/\/cambraterrassa.org\/?s={search_term_string}"},"query-input":{"@type":"PropertyValueSpecification","valueRequired":true,"valueName":"search_term_string"}}],"inLanguage":"es"},{"@type":"Person","@id":"https:\/\/cambraterrassa.org\/#\/schema\/person\/af7c45c05606fa1491faf6f44e0c4cfe","name":"Cambra de Comer\u00e7 de Terrassa","image":{"@type":"ImageObject","inLanguage":"es","@id":"https:\/\/cambraterrassa.org\/wp-content\/litespeed\/avatar\/235ff90c171f3799ccd97b4cdf72fa18.jpg?ver=1777655702","url":"https:\/\/cambraterrassa.org\/wp-content\/litespeed\/avatar\/235ff90c171f3799ccd97b4cdf72fa18.jpg?ver=1777655702","contentUrl":"https:\/\/cambraterrassa.org\/wp-content\/litespeed\/avatar\/235ff90c171f3799ccd97b4cdf72fa18.jpg?ver=1777655702","caption":"Cambra de Comer\u00e7 de Terrassa"},"url":"https:\/\/cambraterrassa.org\/es\/author\/cambra\/"}]}},"_links":{"self":[{"href":"https:\/\/cambraterrassa.org\/es\/wp-json\/wp\/v2\/posts\/52696","targetHints":{"allow":["GET"]}}],"collection":[{"href":"https:\/\/cambraterrassa.org\/es\/wp-json\/wp\/v2\/posts"}],"about":[{"href":"https:\/\/cambraterrassa.org\/es\/wp-json\/wp\/v2\/types\/post"}],"author":[{"embeddable":true,"href":"https:\/\/cambraterrassa.org\/es\/wp-json\/wp\/v2\/users\/2"}],"replies":[{"embeddable":true,"href":"https:\/\/cambraterrassa.org\/es\/wp-json\/wp\/v2\/comments?post=52696"}],"version-history":[{"count":0,"href":"https:\/\/cambraterrassa.org\/es\/wp-json\/wp\/v2\/posts\/52696\/revisions"}],"wp:featuredmedia":[{"embeddable":true,"href":"https:\/\/cambraterrassa.org\/es\/wp-json\/wp\/v2\/media\/36891"}],"wp:attachment":[{"href":"https:\/\/cambraterrassa.org\/es\/wp-json\/wp\/v2\/media?parent=52696"}],"wp:term":[{"taxonomy":"category","embeddable":true,"href":"https:\/\/cambraterrassa.org\/es\/wp-json\/wp\/v2\/categories?post=52696"},{"taxonomy":"post_tag","embeddable":true,"href":"https:\/\/cambraterrassa.org\/es\/wp-json\/wp\/v2\/tags?post=52696"}],"curies":[{"name":"wp","href":"https:\/\/api.w.org\/{rel}","templated":true}]}}