{"id":52588,"date":"2025-07-04T09:45:12","date_gmt":"2025-07-04T07:45:12","guid":{"rendered":"https:\/\/cambraterrassa.org\/les-cambres-de-comerc-de-catalunya-lliuren-proposta-llei-de-cambres-al-parlament\/"},"modified":"2026-03-10T10:07:42","modified_gmt":"2026-03-10T09:07:42","slug":"las-13-camaras-de-comercio-de-cataluna-entregan-la-propuesta-de-ley-de-camaras-al-parlamento","status":"publish","type":"post","link":"https:\/\/cambraterrassa.org\/es\/las-13-camaras-de-comercio-de-cataluna-entregan-la-propuesta-de-ley-de-camaras-al-parlamento\/","title":{"rendered":"Las 13 C\u00e1maras de Comercio de Catalu\u00f1a entregan la propuesta de Ley de C\u00e1maras al Parlamento de Catalu\u00f1a"},"content":{"rendered":"\t\t<div data-elementor-type=\"wp-post\" data-elementor-id=\"52588\" class=\"elementor elementor-52588 elementor-44034\" data-elementor-post-type=\"post\">\n\t\t\t\t<div class=\"elementor-element elementor-element-3697ac87 e-con-full e-flex e-con e-parent\" data-id=\"3697ac87\" data-element_type=\"container\" data-e-type=\"container\">\n\t\t\t\t<div class=\"elementor-element elementor-element-30e42ec elementor-widget elementor-widget-image\" data-id=\"30e42ec\" data-element_type=\"widget\" data-e-type=\"widget\" data-widget_type=\"image.default\">\n\t\t\t\t<div class=\"elementor-widget-container\">\n\t\t\t\t\t\t\t\t\t\t\t\t\t\t\t<img decoding=\"async\" width=\"300\" height=\"69\" src=\"https:\/\/cambraterrassa.org\/wp-content\/uploads\/2025\/07\/logo_Cambres_Catalunya_color-scaled.webp\" class=\"attachment-medium size-medium wp-image-44556\" alt=\"\" \/>\t\t\t\t\t\t\t\t\t\t\t\t\t\t\t<\/div>\n\t\t\t\t<\/div>\n\t\t\t\t<div class=\"elementor-element elementor-element-5973d004 elementor-widget elementor-widget-text-editor\" data-id=\"5973d004\" data-element_type=\"widget\" data-e-type=\"widget\" data-widget_type=\"text-editor.default\">\n\t\t\t\t<div class=\"elementor-widget-container\">\n\t\t\t\t\t\t\t\t\t\n<h2 style=\"text-align: center;\">Les 13 Cambres de Comer\u00e7 de Catalunya lliuren la proposta de Llei de Cambres al Parlament de Catalunya<br \/><br \/><\/h2>\n\n<ul class=\"wp-block-list\">\n<li>El text, consensuat per les 13 Cambres de Comer\u00e7 de Catalunya, vol posar punt i final a un d\u00e8ficit de m\u00e9s de 10 anys en qu\u00e8 Catalunya no ha disposat d\u2019una llei auton\u00f2mica pr\u00f2pia per regular les cambres de comer\u00e7.<\/li>\n\n<li>La futura Llei de Cambres permetr\u00e0 adaptar la normativa a la legislaci\u00f3 cameral estatal aprovada el 2014 i perfilar\u00e0 millor les funcions de les Cambres, aix\u00ed com el seu marc de finan\u00e7ament i de representaci\u00f3.<\/li>\n\n<li>La proposta ha aconseguit el suport de les principals patronals catalanes i les organitzacions sindicals, aix\u00ed com del Govern de la Generalitat i tamb\u00e9 el suport inicial de PSC, Junts, ERC i PP.<br \/><br \/>\n<p data-start=\"125\" data-end=\"756\">La proposta de <strong>Llei de Cambres<\/strong>, consensuada per les 13 Cambres de Comer\u00e7 de Catalunya, s\u2019ha lliurat al Parlament de Catalunya als principals grups parlamentaris que donaran suport a l\u2019aprovaci\u00f3 del text. El president del Consell General de Cambres de Catalunya,<strong> Josep Santacreu<\/strong>, ha celebrat l\u2019ampli suport a la proposta de Llei, que ha definit com \u201c<strong>una proposta de consens que posar\u00e0 punt i final a m\u00e9s de deu anys en qu\u00e8 Catalunya no ha disposat d\u2019una llei auton\u00f2mica pr\u00f2pia per regular les Cambres de Comer\u00e7<\/strong>\u201d. Santacreu ha assegurat que amb aquesta norma \u201c<strong>no nom\u00e9s guanyaran les Cambres de Comer\u00e7, sin\u00f3 el conjunt de l\u2019economia\u201d<\/strong>.<\/p>\n<p data-start=\"758\" data-end=\"1578\">La trobada ha comptat amb la participaci\u00f3 de<strong> Jaume F\u00e0brega<\/strong>, president de la Cambra de Girona; <strong>Ramon Alberich<\/strong>, president de la Cambra de Sabadell;<strong> Jaume Salt\u00f3<\/strong>, president de la Cambra de Lleida; <strong>Laura Roig\u00e9<\/strong>, presidenta de la Cambra de Tarragona; <strong>S\u00edlvia Gratac\u00f2s<\/strong>, presidenta de la Cambra de Manresa; <strong>Pol Fages<\/strong>, president de la Cambra de Palam\u00f3s; <strong>Mario Basora<\/strong>, president de la Cambra de Reus; <strong>Albert Sibils<\/strong>, president de la Cambra de Sant Feliu de Gu\u00edxols; <strong>Francesc Faiges<\/strong>, president de la Cambra de Tortosa; <strong>Josep Maria Rovira<\/strong>, president de la Cambra de Valls, i <strong>Jordi Rodr\u00edguez<\/strong>, vicepresident tercer de la Cambra de Terrassa. Tamb\u00e9 hi han participat <strong>Carme Martinell<\/strong>, directora gerent del Consell General de Cambres de Catalunya, <strong>Narc\u00eds Bosch i Andreu<\/strong>, adjunt a direcci\u00f3 del Consell, i <strong>Eduard Borr\u00e0s,<\/strong> secretari del Consell.<\/p>\n<p data-start=\"1580\" data-end=\"1928\"><strong>Una regulaci\u00f3 actualitzada per impulsar l\u2019activitat cameral.<\/strong><\/p>\n<p data-start=\"1580\" data-end=\"1928\">El text proposta de Llei de Cambres va ser consensuat a finals de l\u2019any passat per les <strong>13 cambres de Catalunya,<\/strong> i va rebre el <strong>suport de les principals patronals catalanes, Pimec i Foment del Treball,<\/strong> aix\u00ed com dels principals <strong>sindicats.<\/strong> El text compta tamb\u00e9 amb el suport del <strong>Govern de la Generalitat i dels grups parlamentaris PSC, Junts, ERC i PP.<\/strong><\/p>\n<p data-start=\"1930\" data-end=\"2453\">La Llei de Cambres permetr\u00e0 adaptar la <strong>normativa catalana a la Llei b\u00e0sica estatal de Cambres de Comer\u00e7 del 2014.<\/strong> Des d\u2019aquell any, Catalunya ha estat una de les poques comunitats aut\u00f2nomes que no ha comptat amb una llei cameral actualitzada i s\u2019ha regit per una regulaci\u00f3 anterior, que va quedar obsoleta. Aquesta nova llei <strong>refor\u00e7ar\u00e0 institucionalment Catalunya<\/strong> i el suport al creixement social i econ\u00f2mic, aix\u00ed com la <strong>col\u00b7laboraci\u00f3 entre les administracions p\u00fabliques i el sector empresarial<\/strong> en un context global complex.<\/p>\n<p data-start=\"2455\" data-end=\"3227\">La Llei de Cambres tamb\u00e9 introduir\u00e0 algunes novetats. Per una banda, es perfilaran millor les funcions p\u00fabliques de les Cambres, especialment en relaci\u00f3 a la representaci\u00f3 i la seva relaci\u00f3 amb <br \/>les administracions p\u00fabliques i definir\u00e0 els instruments de col\u00b7laboraci\u00f3.<br \/><br \/>En concret, el text reconeix les Cambres com a <strong>\u00f2rgans consultius, de representaci\u00f3 i de col\u00b7laboraci\u00f3 amb les administracions<\/strong> que representen, promouen i defensen els interessos generals del comer\u00e7, la ind\u00fastria, la navegaci\u00f3 i els serveis. Aquest rol de representaci\u00f3 es materialitzar\u00e0 a trav\u00e9s de les comissions i dels grups de treball que integren les Cambres i la participaci\u00f3 en entitats. Tamb\u00e9 promour\u00e0 la creaci\u00f3 de plans camerals, amb l\u2019objectiu de donar suport al desenvolupament de les empreses catalanes mitjan\u00e7ant la col\u00b7laboraci\u00f3 amb les <br \/>administracions p\u00fabliques. En mat\u00e8ria de finan\u00e7ament, la normativa estableix un conveni per un import progressiu de <strong>3 milions pel 2026, 5 milions pel 2027 i 7 milions pel 2028.<br \/><\/strong> <br \/>En conclusi\u00f3, la Llei de Cambres servir\u00e0 de base per <strong>desenvolupar amb m\u00e9s garanties la missi\u00f3 hist\u00f2rica de les cambres de comer\u00e7<\/strong> de representaci\u00f3 dels interessos generals de l\u2019economia, suport al desenvolupament de les empreses i col\u00b7laboraci\u00f3 amb el sector p\u00fablic. Aix\u00ed, permetr\u00e0 impulsar i millorar la prestaci\u00f3 de serveis a les empreses en \u00e0mbits com la sostenibilitat, la innovaci\u00f3, la internacionalitzaci\u00f3 i l\u2019economia digital. Tamb\u00e9 suposar\u00e0 un impuls extra a la representaci\u00f3 dels <br \/>seus interessos en tots els \u00e0mbits que siguin compet\u00e8ncia de les Cambres<\/p>\n<\/li>\n<\/ul>\n\t\t\t\t\t\t\t\t<\/div>\n\t\t\t\t<\/div>\n\t\t\t\t<div class=\"elementor-element elementor-element-e345ec2 elementor-widget elementor-widget-image\" data-id=\"e345ec2\" data-element_type=\"widget\" data-e-type=\"widget\" data-widget_type=\"image.default\">\n\t\t\t\t<div class=\"elementor-widget-container\">\n\t\t\t\t\t\t\t\t\t\t\t\t\t\t\t<img fetchpriority=\"high\" decoding=\"async\" width=\"1024\" height=\"683\" src=\"https:\/\/cambraterrassa.org\/wp-content\/uploads\/2025\/07\/Llei-de-Cambres-1-1024x683.webp\" class=\"attachment-large size-large wp-image-44042\" alt=\"\" srcset=\"https:\/\/cambraterrassa.org\/wp-content\/uploads\/2025\/07\/Llei-de-Cambres-1-1024x683.webp 1024w, https:\/\/cambraterrassa.org\/wp-content\/uploads\/2025\/07\/Llei-de-Cambres-1-300x200.webp 300w, https:\/\/cambraterrassa.org\/wp-content\/uploads\/2025\/07\/Llei-de-Cambres-1-768x512.webp 768w, https:\/\/cambraterrassa.org\/wp-content\/uploads\/2025\/07\/Llei-de-Cambres-1-1536x1024.webp 1536w, https:\/\/cambraterrassa.org\/wp-content\/uploads\/2025\/07\/Llei-de-Cambres-1-2048x1366.webp 2048w, https:\/\/cambraterrassa.org\/wp-content\/uploads\/2025\/07\/Llei-de-Cambres-1-600x400.webp 600w\" sizes=\"(max-width: 1024px) 100vw, 1024px\" \/>\t\t\t\t\t\t\t\t\t\t\t\t\t\t\t<\/div>\n\t\t\t\t<\/div>\n\t\t\t\t<\/div>\n\t\t<div class=\"elementor-element elementor-element-af484fe e-con-full e-flex e-con e-child\" data-id=\"af484fe\" data-element_type=\"container\" data-e-type=\"container\">\n\t\t\t\t<div class=\"elementor-element elementor-element-a6bcb35 elementor-widget-divider--view-line elementor-widget elementor-widget-divider\" data-id=\"a6bcb35\" data-element_type=\"widget\" data-e-type=\"widget\" data-widget_type=\"divider.default\">\n\t\t\t\t<div class=\"elementor-widget-container\">\n\t\t\t\t\t\t\t<div class=\"elementor-divider\">\n\t\t\t<span class=\"elementor-divider-separator\">\n\t\t\t\t\t\t<\/span>\n\t\t<\/div>\n\t\t\t\t\t\t<\/div>\n\t\t\t\t<\/div>\n\t\t\t\t<div class=\"elementor-element elementor-element-c693199 elementor-widget elementor-widget-text-editor\" data-id=\"c693199\" data-element_type=\"widget\" data-e-type=\"widget\" data-widget_type=\"text-editor.default\">\n\t\t\t\t<div class=\"elementor-widget-container\">\n\t\t\t\t\t\t\t\t\t<ul><li><a href=\"https:\/\/terrassadigital.cat\/la-cambra-celebra-la-tramitacio-urgent-de-la-nova-llei-de-cambres\/\" target=\"_blank\" rel=\"noopener\"><strong>Canal Terrassa<\/strong> | La Cambra celebra la tramitaci\u00f3 urgent de la nova Llei de Cambres<\/a><\/li><li><a href=\"https:\/\/www.diarideterrassa.com\/economia\/registren-la-llei-de-cambres-al-parlament.html\" target=\"_blank\" rel=\"noopener\"><strong>Diari de Terrassa<\/strong> | Registren la Llei de Cambres al Parlament<\/a><\/li><li><a href=\"https:\/\/www.viaempresa.cat\/territori\/cambres-comerc-catalunya-llei-cambres-parlament_2216483_102.html\" target=\"_blank\" rel=\"noopener\"><strong>VIA Empresa<\/strong> | Les 13 Cambres de Comer\u00e7 de Catalunya lliuren la proposta de Llei de Cambres al Parlament<\/a><\/li><\/ul>\t\t\t\t\t\t\t\t<\/div>\n\t\t\t\t<\/div>\n\t\t\t\t<\/div>\n\t\t\t\t<\/div>\n\t\t","protected":false},"excerpt":{"rendered":"<p>Les 13 Cambres de Comer\u00e7 de Catalunya lliuren la proposta de Llei de Cambres al Parlament de Catalunya El text, consensuat per les 13 Cambres de Comer\u00e7 de Catalunya, vol [&hellip;]<\/p>\n","protected":false},"author":4,"featured_media":44042,"comment_status":"closed","ping_status":"open","sticky":false,"template":"","format":"standard","meta":{"_acf_changed":false,"site-sidebar-layout":"default","site-content-layout":"","ast-site-content-layout":"default","site-content-style":"default","site-sidebar-style":"default","ast-global-header-display":"","ast-banner-title-visibility":"","ast-main-header-display":"","ast-hfb-above-header-display":"","ast-hfb-below-header-display":"","ast-hfb-mobile-header-display":"","site-post-title":"","ast-breadcrumbs-content":"","ast-featured-img":"","footer-sml-layout":"","ast-disable-related-posts":"","theme-transparent-header-meta":"","adv-header-id-meta":"","stick-header-meta":"","header-above-stick-meta":"","header-main-stick-meta":"","header-below-stick-meta":"","astra-migrate-meta-layouts":"default","ast-page-background-enabled":"default","ast-page-background-meta":{"desktop":{"background-color":"var(--ast-global-color-4)","background-image":"","background-repeat":"repeat","background-position":"center center","background-size":"auto","background-attachment":"scroll","background-type":"","background-media":"","overlay-type":"","overlay-color":"","overlay-opacity":"","overlay-gradient":""},"tablet":{"background-color":"","background-image":"","background-repeat":"repeat","background-position":"center center","background-size":"auto","background-attachment":"scroll","background-type":"","background-media":"","overlay-type":"","overlay-color":"","overlay-opacity":"","overlay-gradient":""},"mobile":{"background-color":"","background-image":"","background-repeat":"repeat","background-position":"center center","background-size":"auto","background-attachment":"scroll","background-type":"","background-media":"","overlay-type":"","overlay-color":"","overlay-opacity":"","overlay-gradient":""}},"ast-content-background-meta":{"desktop":{"background-color":"var(--ast-global-color-5)","background-image":"","background-repeat":"repeat","background-position":"center center","background-size":"auto","background-attachment":"scroll","background-type":"","background-media":"","overlay-type":"","overlay-color":"","overlay-opacity":"","overlay-gradient":""},"tablet":{"background-color":"var(--ast-global-color-5)","background-image":"","background-repeat":"repeat","background-position":"center center","background-size":"auto","background-attachment":"scroll","background-type":"","background-media":"","overlay-type":"","overlay-color":"","overlay-opacity":"","overlay-gradient":""},"mobile":{"background-color":"var(--ast-global-color-5)","background-image":"","background-repeat":"repeat","background-position":"center center","background-size":"auto","background-attachment":"scroll","background-type":"","background-media":"","overlay-type":"","overlay-color":"","overlay-opacity":"","overlay-gradient":""}},"footnotes":""},"categories":[158],"tags":[],"class_list":["post-52588","post","type-post","status-publish","format-standard","has-post-thumbnail","hentry","category-noticias-cambra"],"acf":[],"yoast_head":"<title>Las 13 C\u00e1maras de Comercio de Catalu\u00f1a entregan la propuesta de Ley de C\u00e1maras al Parlamento de Catalu\u00f1a - Cambra de Comer\u00e7 de Terrassa<\/title>\n<meta name=\"robots\" content=\"index, follow, max-snippet:-1, max-image-preview:large, max-video-preview:-1\" \/>\n<link rel=\"canonical\" href=\"https:\/\/cambraterrassa.org\/es\/wp-json\/wp\/v2\/posts\/52588\/\" \/>\n<meta property=\"og:locale\" content=\"es_ES\" \/>\n<meta property=\"og:type\" content=\"article\" \/>\n<meta property=\"og:title\" content=\"Las 13 C\u00e1maras de Comercio de Catalu\u00f1a entregan la propuesta de Ley de C\u00e1maras al Parlamento de Catalu\u00f1a - Cambra de Comer\u00e7 de Terrassa\" \/>\n<meta property=\"og:description\" content=\"Les 13 Cambres de Comer\u00e7 de Catalunya lliuren la proposta de Llei de Cambres al Parlament de Catalunya El text, consensuat per les 13 Cambres de Comer\u00e7 de Catalunya, vol [&hellip;]\" \/>\n<meta property=\"og:url\" content=\"https:\/\/cambraterrassa.org\/les-cambres-de-comerc-de-catalunya-lliuren-proposta-llei-de-cambres-al-parlament\/\" \/>\n<meta property=\"og:site_name\" content=\"Cambra de Comer\u00e7 de Terrassa\" \/>\n<meta property=\"article:published_time\" content=\"2025-07-04T07:45:12+00:00\" \/>\n<meta property=\"article:modified_time\" content=\"2026-03-10T09:07:42+00:00\" \/>\n<meta property=\"og:image\" content=\"https:\/\/cambraterrassa.org\/wp-content\/uploads\/2025\/07\/Llei-de-Cambres-1-scaled.webp\" \/>\n\t<meta property=\"og:image:width\" content=\"2560\" \/>\n\t<meta property=\"og:image:height\" content=\"1707\" \/>\n\t<meta property=\"og:image:type\" content=\"image\/webp\" \/>\n<meta name=\"author\" content=\"Cambra Comer\u00e7 de Terrassa\" \/>\n<meta name=\"twitter:card\" content=\"summary_large_image\" \/>\n<meta name=\"twitter:label1\" content=\"Escrito por\" \/>\n\t<meta name=\"twitter:data1\" content=\"Cambra Comer\u00e7 de Terrassa\" \/>\n\t<meta name=\"twitter:label2\" content=\"Tiempo de lectura\" \/>\n\t<meta name=\"twitter:data2\" content=\"1 minuto\" \/>\n<script type=\"application\/ld+json\" class=\"yoast-schema-graph\">{\"@context\":\"https:\\\/\\\/schema.org\",\"@graph\":[{\"@type\":\"Article\",\"@id\":\"https:\\\/\\\/cambraterrassa.org\\\/les-cambres-de-comerc-de-catalunya-lliuren-proposta-llei-de-cambres-al-parlament\\\/#article\",\"isPartOf\":{\"@id\":\"https:\\\/\\\/cambraterrassa.org\\\/les-cambres-de-comerc-de-catalunya-lliuren-proposta-llei-de-cambres-al-parlament\\\/\"},\"author\":{\"name\":\"Cambra Comer\u00e7 de Terrassa\",\"@id\":\"https:\\\/\\\/cambraterrassa.org\\\/#\\\/schema\\\/person\\\/0bc07fb0860401623e478b0d7affcf74\"},\"headline\":\"Las 13 C\u00e1maras de Comercio de Catalu\u00f1a entregan la propuesta de Ley de C\u00e1maras al Parlamento de Catalu\u00f1a\",\"datePublished\":\"2025-07-04T07:45:12+00:00\",\"dateModified\":\"2026-03-10T09:07:42+00:00\",\"mainEntityOfPage\":{\"@id\":\"https:\\\/\\\/cambraterrassa.org\\\/les-cambres-de-comerc-de-catalunya-lliuren-proposta-llei-de-cambres-al-parlament\\\/\"},\"wordCount\":855,\"image\":{\"@id\":\"https:\\\/\\\/cambraterrassa.org\\\/les-cambres-de-comerc-de-catalunya-lliuren-proposta-llei-de-cambres-al-parlament\\\/#primaryimage\"},\"thumbnailUrl\":\"https:\\\/\\\/cambraterrassa.org\\\/wp-content\\\/uploads\\\/2025\\\/07\\\/Llei-de-Cambres-1-scaled.webp\",\"articleSection\":[\"Noticias Cambra\"],\"inLanguage\":\"es\"},{\"@type\":\"WebPage\",\"@id\":\"https:\\\/\\\/cambraterrassa.org\\\/les-cambres-de-comerc-de-catalunya-lliuren-proposta-llei-de-cambres-al-parlament\\\/\",\"url\":\"https:\\\/\\\/cambraterrassa.org\\\/les-cambres-de-comerc-de-catalunya-lliuren-proposta-llei-de-cambres-al-parlament\\\/\",\"name\":\"Las 13 C\u00e1maras de Comercio de Catalu\u00f1a entregan la propuesta de Ley de C\u00e1maras al Parlamento de Catalu\u00f1a - Cambra de Comer\u00e7 de Terrassa\",\"isPartOf\":{\"@id\":\"https:\\\/\\\/cambraterrassa.org\\\/#website\"},\"primaryImageOfPage\":{\"@id\":\"https:\\\/\\\/cambraterrassa.org\\\/les-cambres-de-comerc-de-catalunya-lliuren-proposta-llei-de-cambres-al-parlament\\\/#primaryimage\"},\"image\":{\"@id\":\"https:\\\/\\\/cambraterrassa.org\\\/les-cambres-de-comerc-de-catalunya-lliuren-proposta-llei-de-cambres-al-parlament\\\/#primaryimage\"},\"thumbnailUrl\":\"https:\\\/\\\/cambraterrassa.org\\\/wp-content\\\/uploads\\\/2025\\\/07\\\/Llei-de-Cambres-1-scaled.webp\",\"datePublished\":\"2025-07-04T07:45:12+00:00\",\"dateModified\":\"2026-03-10T09:07:42+00:00\",\"author\":{\"@id\":\"https:\\\/\\\/cambraterrassa.org\\\/#\\\/schema\\\/person\\\/0bc07fb0860401623e478b0d7affcf74\"},\"breadcrumb\":{\"@id\":\"https:\\\/\\\/cambraterrassa.org\\\/les-cambres-de-comerc-de-catalunya-lliuren-proposta-llei-de-cambres-al-parlament\\\/#breadcrumb\"},\"inLanguage\":\"es\",\"potentialAction\":[{\"@type\":\"ReadAction\",\"target\":[\"https:\\\/\\\/cambraterrassa.org\\\/les-cambres-de-comerc-de-catalunya-lliuren-proposta-llei-de-cambres-al-parlament\\\/\"]}]},{\"@type\":\"ImageObject\",\"inLanguage\":\"es\",\"@id\":\"https:\\\/\\\/cambraterrassa.org\\\/les-cambres-de-comerc-de-catalunya-lliuren-proposta-llei-de-cambres-al-parlament\\\/#primaryimage\",\"url\":\"https:\\\/\\\/cambraterrassa.org\\\/wp-content\\\/uploads\\\/2025\\\/07\\\/Llei-de-Cambres-1-scaled.webp\",\"contentUrl\":\"https:\\\/\\\/cambraterrassa.org\\\/wp-content\\\/uploads\\\/2025\\\/07\\\/Llei-de-Cambres-1-scaled.webp\",\"width\":2560,\"height\":1707},{\"@type\":\"BreadcrumbList\",\"@id\":\"https:\\\/\\\/cambraterrassa.org\\\/les-cambres-de-comerc-de-catalunya-lliuren-proposta-llei-de-cambres-al-parlament\\\/#breadcrumb\",\"itemListElement\":[{\"@type\":\"ListItem\",\"position\":1,\"name\":\"Inici\",\"item\":\"https:\\\/\\\/cambraterrassa.org\\\/\"},{\"@type\":\"ListItem\",\"position\":2,\"name\":\"Las 13 C\u00e1maras de Comercio de Catalu\u00f1a entregan la propuesta de Ley de C\u00e1maras al Parlamento de Catalu\u00f1a\"}]},{\"@type\":\"WebSite\",\"@id\":\"https:\\\/\\\/cambraterrassa.org\\\/#website\",\"url\":\"https:\\\/\\\/cambraterrassa.org\\\/\",\"name\":\"Cambra de Comer\u00e7 de Terrassa\",\"description\":\"\",\"potentialAction\":[{\"@type\":\"SearchAction\",\"target\":{\"@type\":\"EntryPoint\",\"urlTemplate\":\"https:\\\/\\\/cambraterrassa.org\\\/?s={search_term_string}\"},\"query-input\":{\"@type\":\"PropertyValueSpecification\",\"valueRequired\":true,\"valueName\":\"search_term_string\"}}],\"inLanguage\":\"es\"},{\"@type\":\"Person\",\"@id\":\"https:\\\/\\\/cambraterrassa.org\\\/#\\\/schema\\\/person\\\/0bc07fb0860401623e478b0d7affcf74\",\"name\":\"Cambra Comer\u00e7 de Terrassa\",\"image\":{\"@type\":\"ImageObject\",\"inLanguage\":\"es\",\"@id\":\"https:\\\/\\\/cambraterrassa.org\\\/wp-content\\\/litespeed\\\/avatar\\\/8add9977fa63207228a0c4a26e142cd7.jpg?ver=1777039958\",\"url\":\"https:\\\/\\\/cambraterrassa.org\\\/wp-content\\\/litespeed\\\/avatar\\\/8add9977fa63207228a0c4a26e142cd7.jpg?ver=1777039958\",\"contentUrl\":\"https:\\\/\\\/cambraterrassa.org\\\/wp-content\\\/litespeed\\\/avatar\\\/8add9977fa63207228a0c4a26e142cd7.jpg?ver=1777039958\",\"caption\":\"Cambra Comer\u00e7 de Terrassa\"},\"url\":\"https:\\\/\\\/cambraterrassa.org\\\/es\\\/author\\\/paula\\\/\"}]}<\/script>","yoast_head_json":{"title":"Las 13 C\u00e1maras de Comercio de Catalu\u00f1a entregan la propuesta de Ley de C\u00e1maras al Parlamento de Catalu\u00f1a - Cambra de Comer\u00e7 de Terrassa","robots":{"index":"index","follow":"follow","max-snippet":"max-snippet:-1","max-image-preview":"max-image-preview:large","max-video-preview":"max-video-preview:-1"},"canonical":"https:\/\/cambraterrassa.org\/es\/wp-json\/wp\/v2\/posts\/52588\/","og_locale":"es_ES","og_type":"article","og_title":"Las 13 C\u00e1maras de Comercio de Catalu\u00f1a entregan la propuesta de Ley de C\u00e1maras al Parlamento de Catalu\u00f1a - Cambra de Comer\u00e7 de Terrassa","og_description":"Les 13 Cambres de Comer\u00e7 de Catalunya lliuren la proposta de Llei de Cambres al Parlament de Catalunya El text, consensuat per les 13 Cambres de Comer\u00e7 de Catalunya, vol [&hellip;]","og_url":"https:\/\/cambraterrassa.org\/les-cambres-de-comerc-de-catalunya-lliuren-proposta-llei-de-cambres-al-parlament\/","og_site_name":"Cambra de Comer\u00e7 de Terrassa","article_published_time":"2025-07-04T07:45:12+00:00","article_modified_time":"2026-03-10T09:07:42+00:00","og_image":[{"width":2560,"height":1707,"url":"https:\/\/cambraterrassa.org\/wp-content\/uploads\/2025\/07\/Llei-de-Cambres-1-scaled.webp","type":"image\/webp"}],"author":"Cambra Comer\u00e7 de Terrassa","twitter_card":"summary_large_image","twitter_misc":{"Escrito por":"Cambra Comer\u00e7 de Terrassa","Tiempo de lectura":"1 minuto"},"schema":{"@context":"https:\/\/schema.org","@graph":[{"@type":"Article","@id":"https:\/\/cambraterrassa.org\/les-cambres-de-comerc-de-catalunya-lliuren-proposta-llei-de-cambres-al-parlament\/#article","isPartOf":{"@id":"https:\/\/cambraterrassa.org\/les-cambres-de-comerc-de-catalunya-lliuren-proposta-llei-de-cambres-al-parlament\/"},"author":{"name":"Cambra Comer\u00e7 de Terrassa","@id":"https:\/\/cambraterrassa.org\/#\/schema\/person\/0bc07fb0860401623e478b0d7affcf74"},"headline":"Las 13 C\u00e1maras de Comercio de Catalu\u00f1a entregan la propuesta de Ley de C\u00e1maras al Parlamento de Catalu\u00f1a","datePublished":"2025-07-04T07:45:12+00:00","dateModified":"2026-03-10T09:07:42+00:00","mainEntityOfPage":{"@id":"https:\/\/cambraterrassa.org\/les-cambres-de-comerc-de-catalunya-lliuren-proposta-llei-de-cambres-al-parlament\/"},"wordCount":855,"image":{"@id":"https:\/\/cambraterrassa.org\/les-cambres-de-comerc-de-catalunya-lliuren-proposta-llei-de-cambres-al-parlament\/#primaryimage"},"thumbnailUrl":"https:\/\/cambraterrassa.org\/wp-content\/uploads\/2025\/07\/Llei-de-Cambres-1-scaled.webp","articleSection":["Noticias Cambra"],"inLanguage":"es"},{"@type":"WebPage","@id":"https:\/\/cambraterrassa.org\/les-cambres-de-comerc-de-catalunya-lliuren-proposta-llei-de-cambres-al-parlament\/","url":"https:\/\/cambraterrassa.org\/les-cambres-de-comerc-de-catalunya-lliuren-proposta-llei-de-cambres-al-parlament\/","name":"Las 13 C\u00e1maras de Comercio de Catalu\u00f1a entregan la propuesta de Ley de C\u00e1maras al Parlamento de Catalu\u00f1a - Cambra de Comer\u00e7 de Terrassa","isPartOf":{"@id":"https:\/\/cambraterrassa.org\/#website"},"primaryImageOfPage":{"@id":"https:\/\/cambraterrassa.org\/les-cambres-de-comerc-de-catalunya-lliuren-proposta-llei-de-cambres-al-parlament\/#primaryimage"},"image":{"@id":"https:\/\/cambraterrassa.org\/les-cambres-de-comerc-de-catalunya-lliuren-proposta-llei-de-cambres-al-parlament\/#primaryimage"},"thumbnailUrl":"https:\/\/cambraterrassa.org\/wp-content\/uploads\/2025\/07\/Llei-de-Cambres-1-scaled.webp","datePublished":"2025-07-04T07:45:12+00:00","dateModified":"2026-03-10T09:07:42+00:00","author":{"@id":"https:\/\/cambraterrassa.org\/#\/schema\/person\/0bc07fb0860401623e478b0d7affcf74"},"breadcrumb":{"@id":"https:\/\/cambraterrassa.org\/les-cambres-de-comerc-de-catalunya-lliuren-proposta-llei-de-cambres-al-parlament\/#breadcrumb"},"inLanguage":"es","potentialAction":[{"@type":"ReadAction","target":["https:\/\/cambraterrassa.org\/les-cambres-de-comerc-de-catalunya-lliuren-proposta-llei-de-cambres-al-parlament\/"]}]},{"@type":"ImageObject","inLanguage":"es","@id":"https:\/\/cambraterrassa.org\/les-cambres-de-comerc-de-catalunya-lliuren-proposta-llei-de-cambres-al-parlament\/#primaryimage","url":"https:\/\/cambraterrassa.org\/wp-content\/uploads\/2025\/07\/Llei-de-Cambres-1-scaled.webp","contentUrl":"https:\/\/cambraterrassa.org\/wp-content\/uploads\/2025\/07\/Llei-de-Cambres-1-scaled.webp","width":2560,"height":1707},{"@type":"BreadcrumbList","@id":"https:\/\/cambraterrassa.org\/les-cambres-de-comerc-de-catalunya-lliuren-proposta-llei-de-cambres-al-parlament\/#breadcrumb","itemListElement":[{"@type":"ListItem","position":1,"name":"Inici","item":"https:\/\/cambraterrassa.org\/"},{"@type":"ListItem","position":2,"name":"Las 13 C\u00e1maras de Comercio de Catalu\u00f1a entregan la propuesta de Ley de C\u00e1maras al Parlamento de Catalu\u00f1a"}]},{"@type":"WebSite","@id":"https:\/\/cambraterrassa.org\/#website","url":"https:\/\/cambraterrassa.org\/","name":"Cambra de Comer\u00e7 de Terrassa","description":"","potentialAction":[{"@type":"SearchAction","target":{"@type":"EntryPoint","urlTemplate":"https:\/\/cambraterrassa.org\/?s={search_term_string}"},"query-input":{"@type":"PropertyValueSpecification","valueRequired":true,"valueName":"search_term_string"}}],"inLanguage":"es"},{"@type":"Person","@id":"https:\/\/cambraterrassa.org\/#\/schema\/person\/0bc07fb0860401623e478b0d7affcf74","name":"Cambra Comer\u00e7 de Terrassa","image":{"@type":"ImageObject","inLanguage":"es","@id":"https:\/\/cambraterrassa.org\/wp-content\/litespeed\/avatar\/8add9977fa63207228a0c4a26e142cd7.jpg?ver=1777039958","url":"https:\/\/cambraterrassa.org\/wp-content\/litespeed\/avatar\/8add9977fa63207228a0c4a26e142cd7.jpg?ver=1777039958","contentUrl":"https:\/\/cambraterrassa.org\/wp-content\/litespeed\/avatar\/8add9977fa63207228a0c4a26e142cd7.jpg?ver=1777039958","caption":"Cambra Comer\u00e7 de Terrassa"},"url":"https:\/\/cambraterrassa.org\/es\/author\/paula\/"}]}},"_links":{"self":[{"href":"https:\/\/cambraterrassa.org\/es\/wp-json\/wp\/v2\/posts\/52588","targetHints":{"allow":["GET"]}}],"collection":[{"href":"https:\/\/cambraterrassa.org\/es\/wp-json\/wp\/v2\/posts"}],"about":[{"href":"https:\/\/cambraterrassa.org\/es\/wp-json\/wp\/v2\/types\/post"}],"author":[{"embeddable":true,"href":"https:\/\/cambraterrassa.org\/es\/wp-json\/wp\/v2\/users\/4"}],"replies":[{"embeddable":true,"href":"https:\/\/cambraterrassa.org\/es\/wp-json\/wp\/v2\/comments?post=52588"}],"version-history":[{"count":0,"href":"https:\/\/cambraterrassa.org\/es\/wp-json\/wp\/v2\/posts\/52588\/revisions"}],"wp:featuredmedia":[{"embeddable":true,"href":"https:\/\/cambraterrassa.org\/es\/wp-json\/wp\/v2\/media\/44042"}],"wp:attachment":[{"href":"https:\/\/cambraterrassa.org\/es\/wp-json\/wp\/v2\/media?parent=52588"}],"wp:term":[{"taxonomy":"category","embeddable":true,"href":"https:\/\/cambraterrassa.org\/es\/wp-json\/wp\/v2\/categories?post=52588"},{"taxonomy":"post_tag","embeddable":true,"href":"https:\/\/cambraterrassa.org\/es\/wp-json\/wp\/v2\/tags?post=52588"}],"curies":[{"name":"wp","href":"https:\/\/api.w.org\/{rel}","templated":true}]}}