{"id":52576,"date":"2025-07-24T11:57:37","date_gmt":"2025-07-24T09:57:37","guid":{"rendered":"https:\/\/cambraterrassa.org\/videopodcast-de-la-cambra-per-impulsar-la-digitalitzacio-i-competitivitat-de-les-pimes\/"},"modified":"2026-03-10T10:04:16","modified_gmt":"2026-03-10T09:04:16","slug":"videopodcast-de-la-camara-de-comercio-de-terrassa-para-impulsar-la-digitalizacion-y-competitividad-de-las-pymes","status":"publish","type":"post","link":"https:\/\/cambraterrassa.org\/es\/videopodcast-de-la-camara-de-comercio-de-terrassa-para-impulsar-la-digitalizacion-y-competitividad-de-las-pymes\/","title":{"rendered":"Videop\u00f3dcast de la C\u00e1mara de Comercio de Terrassa para impulsar la digitalizaci\u00f3n y competitividad de las pymes"},"content":{"rendered":"\t\t<div data-elementor-type=\"wp-post\" data-elementor-id=\"52576\" class=\"elementor elementor-52576 elementor-45322\" data-elementor-post-type=\"post\">\n\t\t\t\t<div class=\"elementor-element elementor-element-1b1e165b e-flex e-con-boxed e-con e-parent\" data-id=\"1b1e165b\" data-element_type=\"container\" data-e-type=\"container\">\n\t\t\t\t\t<div class=\"e-con-inner\">\n\t\t\t\t<div class=\"elementor-element elementor-element-7329beec elementor-widget elementor-widget-text-editor\" data-id=\"7329beec\" data-element_type=\"widget\" data-e-type=\"widget\" data-widget_type=\"text-editor.default\">\n\t\t\t\t<div class=\"elementor-widget-container\">\n\t\t\t\t\t\t\t\t\t<p style=\"text-align: center;\">\u201cEl p\u00f2dcast de la Cambra\u201d, accessible a trav\u00e9s de les plataformes Spotify i Youtube.<\/p><h2 style=\"text-align: center;\"><strong>Videop\u00f2dcast de la Cambra de Comer\u00e7 de Terrassa per impulsar la digitalitzaci\u00f3 i competitivitat de les pimes<\/strong><\/h2><p style=\"text-align: center;\">Passat l\u2019estiu, s\u2019estrenaran dos nous episodis dedicats a l\u2019e-commerce global i la gesti\u00f3 del canvi empresarial.<\/p><p><strong>Terrassa, juliol de 2025<\/strong> \u2013 <strong>El Servei de Digitalitzaci\u00f3 de la Cambra de Comer\u00e7 de Terrassa fa un pas endavant en la seva missi\u00f3 d\u2019impulsar la transformaci\u00f3 digital de les pimes, els emprenedors i els professionals aut\u00f2noms amb la realitzaci\u00f3 d\u2019un videop\u00f2dcast de quatre episodis sobre digitalitzaci\u00f3 i negocis. Condu\u00eft per la periodista especialitzada en entorn digital, Mariola Dinar\u00e9s, el videop\u00f2dcast, amb <\/strong><strong>la participaci\u00f3 de professionals de refer\u00e8ncia, s\u2019adre\u00e7a a totes aquelles empreses i professionals que volen con\u00e8ixer de primera m\u00e0 les \u00faltimes tend\u00e8ncies, pr\u00e0ctiques i estrat\u00e8gies per avan\u00e7ar en digitalitzaci\u00f3.<\/strong> <strong>Cada cap\u00edtol ofereix una mirada pr\u00e0ctica sobre reptes actuals com la ciberseguretat, la internacionalitzaci\u00f3 o la gesti\u00f3 del canvi.<\/strong><\/p><p>La iniciativa s\u2019emmarca dins de les actuacions de l\u2019Oficina Acelera Pyme (OAP) de la Cambra de Comer\u00e7 de Terrassa, amb el suport programa Kit Digital. \u201cEl p\u00f2dcast de la Cambra\u201d \u00e9s accessible a trav\u00e9s de les plataformes <strong><a href=\"https:\/\/open.spotify.com\/show\/3OOhRrfPNzGxSYVp8YCkEV?si=hEbqPuGgQbiUllZauGnwBw\">Spotify<\/a><\/strong> i <strong><a href=\"https:\/\/www.youtube.com\/playlist?list=PLSxONVbcoLa0d2Qmo2Fr2h4Pq7iXthV7e\">Youtube<\/a>.<\/strong><\/p><p>Segons Kevin Garc\u00eda, consultor de serveis de digitalitzaci\u00f3 de la Cambra de Comer\u00e7 de Terrassa, \u201ca<em>mb aquest videop\u00f2dcast <\/em><em>volem formar, inspirar i connectar el teixit empresarial de la demarcaci\u00f3 a trav\u00e9s d\u2019un format directe i accessible, abordant tem\u00e0tiques d\u2019actualitat que impacten de ple els negocis. Aquest format ens permet compartir coneixements, experi\u00e8ncies de forma m\u00e9s directa, aut\u00e8ntica i impactant\u00bb<\/em>.<\/p><p><strong>Quatre episodis amb professionals de refer\u00e8ncia i temes clau<\/strong><\/p><p>\u201cEl p\u00f2dcast de la Cambra\u201d compta amb quatre episodis, d\u2019una durada d\u2019uns 30 minuts cadascun. Dos dels episodis ja estan publicats i, a partir del mes de setembre, s\u2019estrenaran dos nous cap\u00edtols.<br \/>Un dels episodis disponibles \u00e9s <em>\u201c<a href=\"https:\/\/youtu.be\/V5b8rBPl7GM?si=BAbsnvMJqgtz3z97\"><strong>Com tenir un negoci cibersegur. Prevenir m\u00e9s que curar<\/strong><\/a>\u201d<\/em> a c\u00e0rrec de <strong>Tom\u00e0s Roy<\/strong>. <br \/>Aquest expert reconegut en ciberseguretat comparteix consells clau per protegir els negocis en un entorn altament connectat. Tom\u00e0s Roy compta d\u2019una \u00e0mplia traject\u00f2ria en privacitat, qualitat i estrat\u00e8gia digital. Roy ha estat director de l\u2019Ag\u00e8ncia de Ciberseguretat de Catalunya. Actualment lidera el Centre d\u2019Innovaci\u00f3 i Compet\u00e8ncia en Ciberseguretat (CIC4Cyber).<\/p><p>Tamb\u00e9 est\u00e0 publicat el cap\u00edtol <em>\u201c<\/em><strong><em><a href=\"https:\/\/youtu.be\/55DjQgS75Uc\">Les claus per portar el teu negoci a un altre nivell<\/a><\/em><\/strong><em>\u201d, <\/em>amb <strong>Arnau Sanz<\/strong><strong>, <\/strong>cofundador d\u2019Utopiq, consultor especialitzat en sostenibilitat, innovaci\u00f3i desenvolupamentdel talent. Amb una visi\u00f3 sist\u00e8mica i centrada en les persones, l\u2019expert explicar\u00e0 com fer cr\u00e9ixer un negoci en un entorn canviant i exigent.<\/p><p><strong>Nous episodis<\/strong><\/p><p>A partir del mes de setembre es publicaran dos nous episodis.El primer d\u2019ells, <em>\u201c<\/em><strong><em>Prepara\u2019t per vendre a escala global des d\u2019internet<\/em><\/strong><em>\u201d<\/em><strong><em>, <\/em><\/strong>amb <strong>M\u00e0rius Rossell<\/strong>. L\u2019expert en internacionalitzaci\u00f3 de negocis i transformaci\u00f3 digital proporcionar\u00e0 eines pr\u00e0ctiques per obrir mercats, superar barreres i competir globalment des d\u2019una pime.<\/p><p>Tamb\u00e9 passat l\u2019estiu es publicar\u00e0<em>\u201c<\/em><strong><em>Com avan\u00e7ar el teu negoci al qu\u00e8 vindr\u00e0<\/em><\/strong><em>\u201d<\/em><strong><em>, <\/em><\/strong>a c\u00e0rrec de <strong>Montse Gu\u00e0rdia<\/strong>, enginyera superior en Telecomunicacions amb m\u00e9s de vint-i-quatre anys d\u2019experi\u00e8nciainternacional en el sector TIC. L\u2019experta ofereix una visi\u00f3 sobre com les pimes poden preparar-se per les tend\u00e8ncies emergents i aprofitar-ne les oportunitats. Gu\u00e0rdia ha estat responsable de serveis tecnol\u00f2gics en quatre Jocs Ol\u00edmpics i diverses cimeres internacionals.<\/p><p><strong>Suport digital a pimes i aut\u00f2noms<\/strong><\/p><p>La Cambra de Comer\u00e7 de Terrassa \u00e9s Oficina Acelera Pyme des de l\u2019any 2021. Actualment, des d\u2019aquest servei s\u2019ofereix una plataforma de suport integral que inclou consultories, formacions i recursos subvencionats. L\u2019objectiu \u00e9s ajudar pimes i professionals aut\u00f2noms a aprofitar les oportunitats de la digitalitzaci\u00f3 en \u00e0mbits com:<\/p><ul class=\"wp-block-list\"><li>Pres\u00e8ncia digital i comer\u00e7 electr\u00f2nic<\/li><li>Gesti\u00f3 empresarial i optimitzaci\u00f3 de processos<\/li><li>Ciberseguretat<\/li><li>Intel\u00b7lig\u00e8ncia Artificial i an\u00e0lisi avan\u00e7ada<\/li><\/ul><p>Amb aquest nou videop\u00f2dcast, la Cambra de Comer\u00e7 de Terrassa avan\u00e7a en el seu comprom\u00eds per dotar d\u2019eines el teixit empresarial que contribueixin al creixement, la innovaci\u00f3 i competitivitat en un entorn digital i global.<\/p>\t\t\t\t\t\t\t\t<\/div>\n\t\t\t\t<\/div>\n\t\t\t\t\t<\/div>\n\t\t\t\t<\/div>\n\t\t<div class=\"elementor-element elementor-element-5021931 e-con-full e-flex e-con e-child\" data-id=\"5021931\" data-element_type=\"container\" data-e-type=\"container\">\n\t\t\t\t<div class=\"elementor-element elementor-element-6cbdd4a elementor-widget-divider--view-line elementor-widget elementor-widget-divider\" data-id=\"6cbdd4a\" data-element_type=\"widget\" data-e-type=\"widget\" data-widget_type=\"divider.default\">\n\t\t\t\t<div class=\"elementor-widget-container\">\n\t\t\t\t\t\t\t<div class=\"elementor-divider\">\n\t\t\t<span class=\"elementor-divider-separator\">\n\t\t\t\t\t\t<\/span>\n\t\t<\/div>\n\t\t\t\t\t\t<\/div>\n\t\t\t\t<\/div>\n\t\t\t\t<div class=\"elementor-element elementor-element-a985f32 elementor-widget elementor-widget-text-editor\" data-id=\"a985f32\" data-element_type=\"widget\" data-e-type=\"widget\" data-widget_type=\"text-editor.default\">\n\t\t\t\t<div class=\"elementor-widget-container\">\n\t\t\t\t\t\t\t\t\t<ul><li><a href=\"https:\/\/www.aldia.cat\/espanya\/noticia-cambra-terrassa-barcelona-impulsa-videopodcast-transformacio-digital-20250724185003.html\" target=\"_blank\" rel=\"noopener\"><strong>Al Dia<\/strong> | La Cambra de Terrassa (Barcelona) impulsa un videop\u00f2dcast sobre transformaci\u00f3 digital<\/a><\/li><li><a href=\"https:\/\/terrassadigital.cat\/la-cambra-de-comerc-de-terrassa-se-suma-als-videopodcasts\/\" target=\"_blank\" rel=\"noopener\"><strong>Canal Terrassa<\/strong> | La Cambra de Comer\u00e7 de Terrassa se suma als videop\u00f2dcasts<\/a><\/li><li><a href=\"https:\/\/www.diarideterrassa.com\/economia\/la-cambra-de-comerc-de-terrassa-impulsa-la-digitalitzacio-de-les-pimes-amb-un-videopodcast-propi.html\" target=\"_blank\" rel=\"noopener\"><strong>Diari de Terrassa<\/strong> | La Cambra de Comer\u00e7 de Terrassa impulsa la digitalitzaci\u00f3 de les pimes amb un videop\u00f2dcast propi<\/a><\/li><li><a href=\"https:\/\/www.europapress.es\/catalunya\/noticia-camara-terrassa-barcelona-impulsa-videopodcast-transformacion-digital-20250724142628.html\" target=\"_blank\" rel=\"noopener\"><strong>EuropaPress<\/strong> | La C\u00e1mara de Terrassa (Barcelona) impulsa un videop\u00f3dcast sobre transformaci\u00f3n digital<\/a><\/li><li><a href=\"http:\/\/www.gentedigital.es\/catalunya\/noticia\/4122087\/la-camara-de-terrassa-barcelona-impulsa-un-videopodcast-sobre-transformacion-digital\/\" target=\"_blank\" rel=\"noopener\"><strong>Gente Digital<\/strong> | La C\u00e1mara de Terrassa (Barcelona) impulsa un videop\u00f3dcast sobre transformaci\u00f3n digital<\/a><\/li><li><a href=\"https:\/\/monterrassa.cat\/economia\/la-cambra-estrena-un-podcast-per-fomentar-la-digitalitzacio-de-les-pimes-471615\/\" target=\"_blank\" rel=\"noopener\"><strong>M\u00f3n Terrassa<\/strong> | La Cambra estrena un p\u00f2dcast per fomentar la digitalitzaci\u00f3 de les pimes<\/a><\/li><\/ul>\t\t\t\t\t\t\t\t<\/div>\n\t\t\t\t<\/div>\n\t\t\t\t<\/div>\n\t\t\t\t<\/div>\n\t\t","protected":false},"excerpt":{"rendered":"<p>\u201cEl p\u00f2dcast de la Cambra\u201d, accessible a trav\u00e9s de les plataformes Spotify i Youtube. Videop\u00f2dcast de la Cambra de Comer\u00e7 de Terrassa per impulsar la digitalitzaci\u00f3 i competitivitat de les [&hellip;]<\/p>\n","protected":false},"author":4,"featured_media":45368,"comment_status":"closed","ping_status":"open","sticky":false,"template":"","format":"standard","meta":{"_acf_changed":false,"site-sidebar-layout":"default","site-content-layout":"","ast-site-content-layout":"default","site-content-style":"default","site-sidebar-style":"default","ast-global-header-display":"","ast-banner-title-visibility":"","ast-main-header-display":"","ast-hfb-above-header-display":"","ast-hfb-below-header-display":"","ast-hfb-mobile-header-display":"","site-post-title":"","ast-breadcrumbs-content":"","ast-featured-img":"","footer-sml-layout":"","ast-disable-related-posts":"","theme-transparent-header-meta":"","adv-header-id-meta":"","stick-header-meta":"","header-above-stick-meta":"","header-main-stick-meta":"","header-below-stick-meta":"","astra-migrate-meta-layouts":"default","ast-page-background-enabled":"default","ast-page-background-meta":{"desktop":{"background-color":"var(--ast-global-color-4)","background-image":"","background-repeat":"repeat","background-position":"center center","background-size":"auto","background-attachment":"scroll","background-type":"","background-media":"","overlay-type":"","overlay-color":"","overlay-opacity":"","overlay-gradient":""},"tablet":{"background-color":"","background-image":"","background-repeat":"repeat","background-position":"center center","background-size":"auto","background-attachment":"scroll","background-type":"","background-media":"","overlay-type":"","overlay-color":"","overlay-opacity":"","overlay-gradient":""},"mobile":{"background-color":"","background-image":"","background-repeat":"repeat","background-position":"center center","background-size":"auto","background-attachment":"scroll","background-type":"","background-media":"","overlay-type":"","overlay-color":"","overlay-opacity":"","overlay-gradient":""}},"ast-content-background-meta":{"desktop":{"background-color":"var(--ast-global-color-5)","background-image":"","background-repeat":"repeat","background-position":"center center","background-size":"auto","background-attachment":"scroll","background-type":"","background-media":"","overlay-type":"","overlay-color":"","overlay-opacity":"","overlay-gradient":""},"tablet":{"background-color":"var(--ast-global-color-5)","background-image":"","background-repeat":"repeat","background-position":"center center","background-size":"auto","background-attachment":"scroll","background-type":"","background-media":"","overlay-type":"","overlay-color":"","overlay-opacity":"","overlay-gradient":""},"mobile":{"background-color":"var(--ast-global-color-5)","background-image":"","background-repeat":"repeat","background-position":"center center","background-size":"auto","background-attachment":"scroll","background-type":"","background-media":"","overlay-type":"","overlay-color":"","overlay-opacity":"","overlay-gradient":""}},"footnotes":""},"categories":[158],"tags":[],"class_list":["post-52576","post","type-post","status-publish","format-standard","has-post-thumbnail","hentry","category-noticias-cambra"],"acf":[],"yoast_head":"<title>Videop\u00f3dcast de la C\u00e1mara de Comercio de Terrassa para impulsar la digitalizaci\u00f3n y competitividad de las pymes - Cambra de Comer\u00e7 de Terrassa<\/title>\n<meta name=\"description\" content=\"Nou videop\u00f2dcast de la Cambra sobre digitalitzaci\u00f3 i negocis, amb Mariola Dinar\u00e8s i experts. Ja disponible a YouTube i Spotify.\" \/>\n<meta name=\"robots\" content=\"index, follow, max-snippet:-1, max-image-preview:large, max-video-preview:-1\" \/>\n<link rel=\"canonical\" href=\"https:\/\/cambraterrassa.org\/es\/wp-json\/wp\/v2\/posts\/52576\/\" \/>\n<meta property=\"og:locale\" content=\"es_ES\" \/>\n<meta property=\"og:type\" content=\"article\" \/>\n<meta property=\"og:title\" content=\"Videop\u00f3dcast de la C\u00e1mara de Comercio de Terrassa para impulsar la digitalizaci\u00f3n y competitividad de las pymes - Cambra de Comer\u00e7 de Terrassa\" \/>\n<meta property=\"og:description\" content=\"Nou videop\u00f2dcast de la Cambra sobre digitalitzaci\u00f3 i negocis, amb Mariola Dinar\u00e8s i experts. Ja disponible a YouTube i Spotify.\" \/>\n<meta property=\"og:url\" content=\"https:\/\/cambraterrassa.org\/videopodcast-de-la-cambra-per-impulsar-la-digitalitzacio-i-competitivitat-de-les-pimes\/\" \/>\n<meta property=\"og:site_name\" content=\"Cambra de Comer\u00e7 de Terrassa\" \/>\n<meta property=\"article:published_time\" content=\"2025-07-24T09:57:37+00:00\" \/>\n<meta property=\"article:modified_time\" content=\"2026-03-10T09:04:16+00:00\" \/>\n<meta property=\"og:image\" content=\"https:\/\/cambraterrassa.org\/wp-content\/uploads\/2025\/07\/El-podcast-de-la-Cambra-Mariona-Dinares-i-Tomas-Roy.webp\" \/>\n\t<meta property=\"og:image:width\" content=\"1920\" \/>\n\t<meta property=\"og:image:height\" content=\"1080\" \/>\n\t<meta property=\"og:image:type\" content=\"image\/webp\" \/>\n<meta name=\"author\" content=\"Cambra Comer\u00e7 de Terrassa\" \/>\n<meta name=\"twitter:card\" content=\"summary_large_image\" \/>\n<meta name=\"twitter:label1\" content=\"Escrito por\" \/>\n\t<meta name=\"twitter:data1\" content=\"Cambra Comer\u00e7 de Terrassa\" \/>\n\t<meta name=\"twitter:label2\" content=\"Tiempo de lectura\" \/>\n\t<meta name=\"twitter:data2\" content=\"1 minuto\" \/>\n<script type=\"application\/ld+json\" class=\"yoast-schema-graph\">{\"@context\":\"https:\\\/\\\/schema.org\",\"@graph\":[{\"@type\":\"Article\",\"@id\":\"https:\\\/\\\/cambraterrassa.org\\\/videopodcast-de-la-cambra-per-impulsar-la-digitalitzacio-i-competitivitat-de-les-pimes\\\/#article\",\"isPartOf\":{\"@id\":\"https:\\\/\\\/cambraterrassa.org\\\/videopodcast-de-la-cambra-per-impulsar-la-digitalitzacio-i-competitivitat-de-les-pimes\\\/\"},\"author\":{\"name\":\"Cambra Comer\u00e7 de Terrassa\",\"@id\":\"https:\\\/\\\/cambraterrassa.org\\\/#\\\/schema\\\/person\\\/0bc07fb0860401623e478b0d7affcf74\"},\"headline\":\"Videop\u00f3dcast de la C\u00e1mara de Comercio de Terrassa para impulsar la digitalizaci\u00f3n y competitividad de las pymes\",\"datePublished\":\"2025-07-24T09:57:37+00:00\",\"dateModified\":\"2026-03-10T09:04:16+00:00\",\"mainEntityOfPage\":{\"@id\":\"https:\\\/\\\/cambraterrassa.org\\\/videopodcast-de-la-cambra-per-impulsar-la-digitalitzacio-i-competitivitat-de-les-pimes\\\/\"},\"wordCount\":840,\"image\":{\"@id\":\"https:\\\/\\\/cambraterrassa.org\\\/videopodcast-de-la-cambra-per-impulsar-la-digitalitzacio-i-competitivitat-de-les-pimes\\\/#primaryimage\"},\"thumbnailUrl\":\"https:\\\/\\\/cambraterrassa.org\\\/wp-content\\\/uploads\\\/2025\\\/07\\\/El-podcast-de-la-Cambra-Mariona-Dinares-i-Tomas-Roy.webp\",\"articleSection\":[\"Noticias Cambra\"],\"inLanguage\":\"es\"},{\"@type\":\"WebPage\",\"@id\":\"https:\\\/\\\/cambraterrassa.org\\\/videopodcast-de-la-cambra-per-impulsar-la-digitalitzacio-i-competitivitat-de-les-pimes\\\/\",\"url\":\"https:\\\/\\\/cambraterrassa.org\\\/videopodcast-de-la-cambra-per-impulsar-la-digitalitzacio-i-competitivitat-de-les-pimes\\\/\",\"name\":\"Videop\u00f3dcast de la C\u00e1mara de Comercio de Terrassa para impulsar la digitalizaci\u00f3n y competitividad de las pymes - Cambra de Comer\u00e7 de Terrassa\",\"isPartOf\":{\"@id\":\"https:\\\/\\\/cambraterrassa.org\\\/#website\"},\"primaryImageOfPage\":{\"@id\":\"https:\\\/\\\/cambraterrassa.org\\\/videopodcast-de-la-cambra-per-impulsar-la-digitalitzacio-i-competitivitat-de-les-pimes\\\/#primaryimage\"},\"image\":{\"@id\":\"https:\\\/\\\/cambraterrassa.org\\\/videopodcast-de-la-cambra-per-impulsar-la-digitalitzacio-i-competitivitat-de-les-pimes\\\/#primaryimage\"},\"thumbnailUrl\":\"https:\\\/\\\/cambraterrassa.org\\\/wp-content\\\/uploads\\\/2025\\\/07\\\/El-podcast-de-la-Cambra-Mariona-Dinares-i-Tomas-Roy.webp\",\"datePublished\":\"2025-07-24T09:57:37+00:00\",\"dateModified\":\"2026-03-10T09:04:16+00:00\",\"author\":{\"@id\":\"https:\\\/\\\/cambraterrassa.org\\\/#\\\/schema\\\/person\\\/0bc07fb0860401623e478b0d7affcf74\"},\"description\":\"Nou videop\u00f2dcast de la Cambra sobre digitalitzaci\u00f3 i negocis, amb Mariola Dinar\u00e8s i experts. Ja disponible a YouTube i Spotify.\",\"breadcrumb\":{\"@id\":\"https:\\\/\\\/cambraterrassa.org\\\/videopodcast-de-la-cambra-per-impulsar-la-digitalitzacio-i-competitivitat-de-les-pimes\\\/#breadcrumb\"},\"inLanguage\":\"es\",\"potentialAction\":[{\"@type\":\"ReadAction\",\"target\":[\"https:\\\/\\\/cambraterrassa.org\\\/videopodcast-de-la-cambra-per-impulsar-la-digitalitzacio-i-competitivitat-de-les-pimes\\\/\"]}]},{\"@type\":\"ImageObject\",\"inLanguage\":\"es\",\"@id\":\"https:\\\/\\\/cambraterrassa.org\\\/videopodcast-de-la-cambra-per-impulsar-la-digitalitzacio-i-competitivitat-de-les-pimes\\\/#primaryimage\",\"url\":\"https:\\\/\\\/cambraterrassa.org\\\/wp-content\\\/uploads\\\/2025\\\/07\\\/El-podcast-de-la-Cambra-Mariona-Dinares-i-Tomas-Roy.webp\",\"contentUrl\":\"https:\\\/\\\/cambraterrassa.org\\\/wp-content\\\/uploads\\\/2025\\\/07\\\/El-podcast-de-la-Cambra-Mariona-Dinares-i-Tomas-Roy.webp\",\"width\":1920,\"height\":1080},{\"@type\":\"BreadcrumbList\",\"@id\":\"https:\\\/\\\/cambraterrassa.org\\\/videopodcast-de-la-cambra-per-impulsar-la-digitalitzacio-i-competitivitat-de-les-pimes\\\/#breadcrumb\",\"itemListElement\":[{\"@type\":\"ListItem\",\"position\":1,\"name\":\"Inici\",\"item\":\"https:\\\/\\\/cambraterrassa.org\\\/\"},{\"@type\":\"ListItem\",\"position\":2,\"name\":\"Videop\u00f3dcast de la C\u00e1mara de Comercio de Terrassa para impulsar la digitalizaci\u00f3n y competitividad de las pymes\"}]},{\"@type\":\"WebSite\",\"@id\":\"https:\\\/\\\/cambraterrassa.org\\\/#website\",\"url\":\"https:\\\/\\\/cambraterrassa.org\\\/\",\"name\":\"Cambra de Comer\u00e7 de Terrassa\",\"description\":\"\",\"potentialAction\":[{\"@type\":\"SearchAction\",\"target\":{\"@type\":\"EntryPoint\",\"urlTemplate\":\"https:\\\/\\\/cambraterrassa.org\\\/?s={search_term_string}\"},\"query-input\":{\"@type\":\"PropertyValueSpecification\",\"valueRequired\":true,\"valueName\":\"search_term_string\"}}],\"inLanguage\":\"es\"},{\"@type\":\"Person\",\"@id\":\"https:\\\/\\\/cambraterrassa.org\\\/#\\\/schema\\\/person\\\/0bc07fb0860401623e478b0d7affcf74\",\"name\":\"Cambra Comer\u00e7 de Terrassa\",\"image\":{\"@type\":\"ImageObject\",\"inLanguage\":\"es\",\"@id\":\"https:\\\/\\\/cambraterrassa.org\\\/wp-content\\\/litespeed\\\/avatar\\\/8add9977fa63207228a0c4a26e142cd7.jpg?ver=1777039958\",\"url\":\"https:\\\/\\\/cambraterrassa.org\\\/wp-content\\\/litespeed\\\/avatar\\\/8add9977fa63207228a0c4a26e142cd7.jpg?ver=1777039958\",\"contentUrl\":\"https:\\\/\\\/cambraterrassa.org\\\/wp-content\\\/litespeed\\\/avatar\\\/8add9977fa63207228a0c4a26e142cd7.jpg?ver=1777039958\",\"caption\":\"Cambra Comer\u00e7 de Terrassa\"},\"url\":\"https:\\\/\\\/cambraterrassa.org\\\/es\\\/author\\\/paula\\\/\"}]}<\/script>","yoast_head_json":{"title":"Videop\u00f3dcast de la C\u00e1mara de Comercio de Terrassa para impulsar la digitalizaci\u00f3n y competitividad de las pymes - Cambra de Comer\u00e7 de Terrassa","description":"Nou videop\u00f2dcast de la Cambra sobre digitalitzaci\u00f3 i negocis, amb Mariola Dinar\u00e8s i experts. Ja disponible a YouTube i Spotify.","robots":{"index":"index","follow":"follow","max-snippet":"max-snippet:-1","max-image-preview":"max-image-preview:large","max-video-preview":"max-video-preview:-1"},"canonical":"https:\/\/cambraterrassa.org\/es\/wp-json\/wp\/v2\/posts\/52576\/","og_locale":"es_ES","og_type":"article","og_title":"Videop\u00f3dcast de la C\u00e1mara de Comercio de Terrassa para impulsar la digitalizaci\u00f3n y competitividad de las pymes - Cambra de Comer\u00e7 de Terrassa","og_description":"Nou videop\u00f2dcast de la Cambra sobre digitalitzaci\u00f3 i negocis, amb Mariola Dinar\u00e8s i experts. Ja disponible a YouTube i Spotify.","og_url":"https:\/\/cambraterrassa.org\/videopodcast-de-la-cambra-per-impulsar-la-digitalitzacio-i-competitivitat-de-les-pimes\/","og_site_name":"Cambra de Comer\u00e7 de Terrassa","article_published_time":"2025-07-24T09:57:37+00:00","article_modified_time":"2026-03-10T09:04:16+00:00","og_image":[{"width":1920,"height":1080,"url":"https:\/\/cambraterrassa.org\/wp-content\/uploads\/2025\/07\/El-podcast-de-la-Cambra-Mariona-Dinares-i-Tomas-Roy.webp","type":"image\/webp"}],"author":"Cambra Comer\u00e7 de Terrassa","twitter_card":"summary_large_image","twitter_misc":{"Escrito por":"Cambra Comer\u00e7 de Terrassa","Tiempo de lectura":"1 minuto"},"schema":{"@context":"https:\/\/schema.org","@graph":[{"@type":"Article","@id":"https:\/\/cambraterrassa.org\/videopodcast-de-la-cambra-per-impulsar-la-digitalitzacio-i-competitivitat-de-les-pimes\/#article","isPartOf":{"@id":"https:\/\/cambraterrassa.org\/videopodcast-de-la-cambra-per-impulsar-la-digitalitzacio-i-competitivitat-de-les-pimes\/"},"author":{"name":"Cambra Comer\u00e7 de Terrassa","@id":"https:\/\/cambraterrassa.org\/#\/schema\/person\/0bc07fb0860401623e478b0d7affcf74"},"headline":"Videop\u00f3dcast de la C\u00e1mara de Comercio de Terrassa para impulsar la digitalizaci\u00f3n y competitividad de las pymes","datePublished":"2025-07-24T09:57:37+00:00","dateModified":"2026-03-10T09:04:16+00:00","mainEntityOfPage":{"@id":"https:\/\/cambraterrassa.org\/videopodcast-de-la-cambra-per-impulsar-la-digitalitzacio-i-competitivitat-de-les-pimes\/"},"wordCount":840,"image":{"@id":"https:\/\/cambraterrassa.org\/videopodcast-de-la-cambra-per-impulsar-la-digitalitzacio-i-competitivitat-de-les-pimes\/#primaryimage"},"thumbnailUrl":"https:\/\/cambraterrassa.org\/wp-content\/uploads\/2025\/07\/El-podcast-de-la-Cambra-Mariona-Dinares-i-Tomas-Roy.webp","articleSection":["Noticias Cambra"],"inLanguage":"es"},{"@type":"WebPage","@id":"https:\/\/cambraterrassa.org\/videopodcast-de-la-cambra-per-impulsar-la-digitalitzacio-i-competitivitat-de-les-pimes\/","url":"https:\/\/cambraterrassa.org\/videopodcast-de-la-cambra-per-impulsar-la-digitalitzacio-i-competitivitat-de-les-pimes\/","name":"Videop\u00f3dcast de la C\u00e1mara de Comercio de Terrassa para impulsar la digitalizaci\u00f3n y competitividad de las pymes - Cambra de Comer\u00e7 de Terrassa","isPartOf":{"@id":"https:\/\/cambraterrassa.org\/#website"},"primaryImageOfPage":{"@id":"https:\/\/cambraterrassa.org\/videopodcast-de-la-cambra-per-impulsar-la-digitalitzacio-i-competitivitat-de-les-pimes\/#primaryimage"},"image":{"@id":"https:\/\/cambraterrassa.org\/videopodcast-de-la-cambra-per-impulsar-la-digitalitzacio-i-competitivitat-de-les-pimes\/#primaryimage"},"thumbnailUrl":"https:\/\/cambraterrassa.org\/wp-content\/uploads\/2025\/07\/El-podcast-de-la-Cambra-Mariona-Dinares-i-Tomas-Roy.webp","datePublished":"2025-07-24T09:57:37+00:00","dateModified":"2026-03-10T09:04:16+00:00","author":{"@id":"https:\/\/cambraterrassa.org\/#\/schema\/person\/0bc07fb0860401623e478b0d7affcf74"},"description":"Nou videop\u00f2dcast de la Cambra sobre digitalitzaci\u00f3 i negocis, amb Mariola Dinar\u00e8s i experts. Ja disponible a YouTube i Spotify.","breadcrumb":{"@id":"https:\/\/cambraterrassa.org\/videopodcast-de-la-cambra-per-impulsar-la-digitalitzacio-i-competitivitat-de-les-pimes\/#breadcrumb"},"inLanguage":"es","potentialAction":[{"@type":"ReadAction","target":["https:\/\/cambraterrassa.org\/videopodcast-de-la-cambra-per-impulsar-la-digitalitzacio-i-competitivitat-de-les-pimes\/"]}]},{"@type":"ImageObject","inLanguage":"es","@id":"https:\/\/cambraterrassa.org\/videopodcast-de-la-cambra-per-impulsar-la-digitalitzacio-i-competitivitat-de-les-pimes\/#primaryimage","url":"https:\/\/cambraterrassa.org\/wp-content\/uploads\/2025\/07\/El-podcast-de-la-Cambra-Mariona-Dinares-i-Tomas-Roy.webp","contentUrl":"https:\/\/cambraterrassa.org\/wp-content\/uploads\/2025\/07\/El-podcast-de-la-Cambra-Mariona-Dinares-i-Tomas-Roy.webp","width":1920,"height":1080},{"@type":"BreadcrumbList","@id":"https:\/\/cambraterrassa.org\/videopodcast-de-la-cambra-per-impulsar-la-digitalitzacio-i-competitivitat-de-les-pimes\/#breadcrumb","itemListElement":[{"@type":"ListItem","position":1,"name":"Inici","item":"https:\/\/cambraterrassa.org\/"},{"@type":"ListItem","position":2,"name":"Videop\u00f3dcast de la C\u00e1mara de Comercio de Terrassa para impulsar la digitalizaci\u00f3n y competitividad de las pymes"}]},{"@type":"WebSite","@id":"https:\/\/cambraterrassa.org\/#website","url":"https:\/\/cambraterrassa.org\/","name":"Cambra de Comer\u00e7 de Terrassa","description":"","potentialAction":[{"@type":"SearchAction","target":{"@type":"EntryPoint","urlTemplate":"https:\/\/cambraterrassa.org\/?s={search_term_string}"},"query-input":{"@type":"PropertyValueSpecification","valueRequired":true,"valueName":"search_term_string"}}],"inLanguage":"es"},{"@type":"Person","@id":"https:\/\/cambraterrassa.org\/#\/schema\/person\/0bc07fb0860401623e478b0d7affcf74","name":"Cambra Comer\u00e7 de Terrassa","image":{"@type":"ImageObject","inLanguage":"es","@id":"https:\/\/cambraterrassa.org\/wp-content\/litespeed\/avatar\/8add9977fa63207228a0c4a26e142cd7.jpg?ver=1777039958","url":"https:\/\/cambraterrassa.org\/wp-content\/litespeed\/avatar\/8add9977fa63207228a0c4a26e142cd7.jpg?ver=1777039958","contentUrl":"https:\/\/cambraterrassa.org\/wp-content\/litespeed\/avatar\/8add9977fa63207228a0c4a26e142cd7.jpg?ver=1777039958","caption":"Cambra Comer\u00e7 de Terrassa"},"url":"https:\/\/cambraterrassa.org\/es\/author\/paula\/"}]}},"_links":{"self":[{"href":"https:\/\/cambraterrassa.org\/es\/wp-json\/wp\/v2\/posts\/52576","targetHints":{"allow":["GET"]}}],"collection":[{"href":"https:\/\/cambraterrassa.org\/es\/wp-json\/wp\/v2\/posts"}],"about":[{"href":"https:\/\/cambraterrassa.org\/es\/wp-json\/wp\/v2\/types\/post"}],"author":[{"embeddable":true,"href":"https:\/\/cambraterrassa.org\/es\/wp-json\/wp\/v2\/users\/4"}],"replies":[{"embeddable":true,"href":"https:\/\/cambraterrassa.org\/es\/wp-json\/wp\/v2\/comments?post=52576"}],"version-history":[{"count":0,"href":"https:\/\/cambraterrassa.org\/es\/wp-json\/wp\/v2\/posts\/52576\/revisions"}],"wp:featuredmedia":[{"embeddable":true,"href":"https:\/\/cambraterrassa.org\/es\/wp-json\/wp\/v2\/media\/45368"}],"wp:attachment":[{"href":"https:\/\/cambraterrassa.org\/es\/wp-json\/wp\/v2\/media?parent=52576"}],"wp:term":[{"taxonomy":"category","embeddable":true,"href":"https:\/\/cambraterrassa.org\/es\/wp-json\/wp\/v2\/categories?post=52576"},{"taxonomy":"post_tag","embeddable":true,"href":"https:\/\/cambraterrassa.org\/es\/wp-json\/wp\/v2\/tags?post=52576"}],"curies":[{"name":"wp","href":"https:\/\/api.w.org\/{rel}","templated":true}]}}