{"id":52453,"date":"2025-07-29T12:57:47","date_gmt":"2025-07-29T10:57:47","guid":{"rendered":"https:\/\/cambraterrassa.org\/cambra-despanya-alerta-dun-possible-descens-en-les-exportacions-als-eua\/"},"modified":"2026-03-04T10:21:42","modified_gmt":"2026-03-04T09:21:42","slug":"cambra-despanya-alerta-dun-possible-descens-en-les-exportacions-als-eua","status":"publish","type":"post","link":"https:\/\/cambraterrassa.org\/es\/cambra-despanya-alerta-dun-possible-descens-en-les-exportacions-als-eua\/","title":{"rendered":"La C\u00e1mara de Espa\u00f1a alerta de un posible descenso del 10% en las exportaciones a EE. UU. por la aplicaci\u00f3n de un arancel del 15%"},"content":{"rendered":"\t\t<div data-elementor-type=\"wp-post\" data-elementor-id=\"52453\" class=\"elementor elementor-52453 elementor-45554\" data-elementor-post-type=\"post\">\n\t\t\t\t<div class=\"elementor-element elementor-element-542e8b4d e-flex e-con-boxed e-con e-parent\" data-id=\"542e8b4d\" data-element_type=\"container\" data-e-type=\"container\">\n\t\t\t\t\t<div class=\"e-con-inner\">\n\t\t\t\t<div class=\"elementor-element elementor-element-282c5bf3 elementor-widget elementor-widget-text-editor\" data-id=\"282c5bf3\" data-element_type=\"widget\" data-e-type=\"widget\" data-widget_type=\"text-editor.default\">\n\t\t\t\t<div class=\"elementor-widget-container\">\n\t\t\t\t\t\t\t\t\t<p style=\"text-align: center;\"><span dir=\"auto\" style=\"vertical-align: inherit;\"><span dir=\"auto\" style=\"vertical-align: inherit;\">La C\u00e1mara de Comercio de Terrassa se hace eco del informe de la C\u00e1mara de Espa\u00f1a<\/span><\/span><\/p><h2 style=\"text-align: center;\"><strong><span dir=\"auto\" style=\"vertical-align: inherit;\"><span dir=\"auto\" style=\"vertical-align: inherit;\">La C\u00e1mara de Comercio de Espa\u00f1a alerta de un posible descenso del 10% en las exportaciones a EE. UU. por la aplicaci\u00f3n de un arancel del 15%.<\/span><\/span><\/strong><\/h2><p style=\"text-align: center;\"><span dir=\"auto\" style=\"vertical-align: inherit;\"><span dir=\"auto\" style=\"vertical-align: inherit;\">C\u00e9teris paribus, la ca\u00edda equivaldr\u00eda a 1.841 millones de euros<\/span><\/span><\/p><p><strong><span dir=\"auto\" style=\"vertical-align: inherit;\"><span dir=\"auto\" style=\"vertical-align: inherit;\">Terrassa &#8211; Madrid, julio de 2025.-<\/span><\/span><\/strong><span dir=\"auto\" style=\"vertical-align: inherit;\"><span dir=\"auto\" style=\"vertical-align: inherit;\"> Una vez ultimadas las negociaciones comerciales entre Estados Unidos y la Uni\u00f3n Europea, si \u00e9stas finalizan con la aplicaci\u00f3n de un arancel generalizado <\/span><\/span><strong><span dir=\"auto\" style=\"vertical-align: inherit;\"><span dir=\"auto\" style=\"vertical-align: inherit;\">del 15% a las importaciones de bienes europeos<\/span><\/span><\/strong><span dir=\"auto\" style=\"vertical-align: inherit;\"><span dir=\"auto\" style=\"vertical-align: inherit;\"> , la C\u00e1mara de Comercio de Espa\u00f1a ha analizado el impacto potencial que esta medida podr\u00eda tener sobre las exportaciones espa\u00f1olas a EE. UU.<\/span><\/span><\/p><p><span dir=\"auto\" style=\"vertical-align: inherit;\"><span dir=\"auto\" style=\"vertical-align: inherit;\">Aunque las exportaciones a este pa\u00eds supongan s\u00f3lo un 4,7% del total espa\u00f1ol, se prev\u00e9 que sectores como el de bienes de equipo, productos qu\u00edmicos y agroalimentarios sean especialmente sensibles.\u00a0<\/span><\/span><\/p><p><span dir=\"auto\" style=\"vertical-align: inherit;\"><span dir=\"auto\" style=\"vertical-align: inherit;\">El estudio estima una ca\u00edda media del 10,1%, equivalente a 1.841 millones de euros menos en exportaciones, con un margen de impacto que podr\u00eda oscilar entre el 7,2% y el 13,1%. <\/span><\/span><br \/><span dir=\"auto\" style=\"vertical-align: inherit;\"><span dir=\"auto\" style=\"vertical-align: inherit;\"> Por sectores:<\/span><\/span><\/p><ul class=\"wp-block-list\"><li><span dir=\"auto\" style=\"vertical-align: inherit;\"><span dir=\"auto\" style=\"vertical-align: inherit;\">Los <\/span><\/span><strong><span dir=\"auto\" style=\"vertical-align: inherit;\"><span dir=\"auto\" style=\"vertical-align: inherit;\">bienes de equipo y aparatos el\u00e9ctricos<\/span><\/span><\/strong><span dir=\"auto\" style=\"vertical-align: inherit;\"><span dir=\"auto\" style=\"vertical-align: inherit;\"> ser\u00edan los m\u00e1s afectados (hasta -16,2%)<\/span><\/span><\/li><li><span dir=\"auto\" style=\"vertical-align: inherit;\"><span dir=\"auto\" style=\"vertical-align: inherit;\">Los <\/span><\/span><strong><span dir=\"auto\" style=\"vertical-align: inherit;\"><span dir=\"auto\" style=\"vertical-align: inherit;\">productos qu\u00edmicos y farmac\u00e9uticos<\/span><\/span><\/strong><span dir=\"auto\" style=\"vertical-align: inherit;\"><span dir=\"auto\" style=\"vertical-align: inherit;\"> podr\u00edan reducirse un 9,6%<\/span><\/span><\/li><li><span dir=\"auto\" style=\"vertical-align: inherit;\"><span dir=\"auto\" style=\"vertical-align: inherit;\">El impacto ser\u00eda m\u00e1s moderado para los <\/span><\/span><strong><span dir=\"auto\" style=\"vertical-align: inherit;\"><span dir=\"auto\" style=\"vertical-align: inherit;\">productos alimenticios y el tabaco<\/span><\/span><\/strong><span dir=\"auto\" style=\"vertical-align: inherit;\"><span dir=\"auto\" style=\"vertical-align: inherit;\"> (-2,6%)<\/span><\/span><\/li><li><span dir=\"auto\" style=\"vertical-align: inherit;\"><span dir=\"auto\" style=\"vertical-align: inherit;\">Y pr\u00e1cticamente nulo en el caso de <\/span><\/span><strong><span dir=\"auto\" style=\"vertical-align: inherit;\"><span dir=\"auto\" style=\"vertical-align: inherit;\">manufacturas de piedra, vidrio y joyer\u00eda<\/span><\/span><\/strong><span dir=\"auto\" style=\"vertical-align: inherit;\"><span dir=\"auto\" style=\"vertical-align: inherit;\"> (-1,1%)<\/span><\/span><\/li><\/ul><p><span dir=\"auto\" style=\"vertical-align: inherit;\"><span dir=\"auto\" style=\"vertical-align: inherit;\">La C\u00e1mara de Espa\u00f1a recorda que estas datos tienen car\u00e1cter estimativo y est\u00e1n sujetas a la incertidumbre de la evoluci\u00f3n econ\u00f3mica y comercial global. Sin embargo, subraya la necesidad de medidas de apoyo y diversificaci\u00f3n de mercados para reducir la dependencia exterior en determinadas categor\u00edas estrat\u00e9gicas. <\/span><\/span><br \/><strong><span dir=\"auto\" style=\"vertical-align: inherit;\"><span dir=\"auto\" style=\"vertical-align: inherit;\">Afectaci\u00f3n en la demarcaci\u00f3n<\/span><\/span><br \/><\/strong><span dir=\"auto\" style=\"vertical-align: inherit;\"><span dir=\"auto\" style=\"vertical-align: inherit;\"> Desde la C\u00e1mara de Comercio de Terrassa se estima que <\/span><\/span><strong><span dir=\"auto\" style=\"vertical-align: inherit;\"><span dir=\"auto\" style=\"vertical-align: inherit;\">la exposici\u00f3n directa<\/span><\/span><\/strong><span dir=\"auto\" style=\"vertical-align: inherit;\"><span dir=\"auto\" style=\"vertical-align: inherit;\"> al mercado norteamericano de las empresas de la demarcaci\u00f3n territorial se sit\u00faa <\/span><\/span><strong><span dir=\"auto\" style=\"vertical-align: inherit;\"><span dir=\"auto\" style=\"vertical-align: inherit;\">entre el 3% y el 4%,<\/span><\/span><\/strong><span dir=\"auto\" style=\"vertical-align: inherit;\"><span dir=\"auto\" style=\"vertical-align: inherit;\"> un porcentaje similar al del conjunto del Estado. Desde el servicio de Comercio Internacional de la Corporaci\u00f3n se recorda que \u00abla mayor\u00eda de empresas del nuestro \u00e1mbito territorial tienen como principal mercado la UE. Aun as\u00ed, puede haber casos de compa\u00f1\u00edas muy expuestas en el mercado de EE.UU., pero de forma individual\u00bb. Los principales sectores afectados en la demarcaci\u00f3n son los de bienes de equipo, metalurgia, qu\u00edmica y farmacia. \u201cAhora bien, por la raz\u00f3n que mencion\u00e1bamos en el punto anterior, la afectaci\u00f3n directa es m\u00ednima\u201d, se incide.<\/span><\/span><\/p><p><span dir=\"auto\" style=\"vertical-align: inherit;\"><span dir=\"auto\" style=\"vertical-align: inherit;\">Tambi\u00e9n desde el mismo servicio se apunta que \u00abno podemos saber el impacto en cuanto a las consecuencias indirectas, es decir, que clientes de las empresas de la demarcaci\u00f3n tengan como cliente el mercado norteamericano y que reexporten las mercanc\u00edas. Aqu\u00ed s\u00ed que podr\u00eda haber mayor afectaci\u00f3n para cualquier empresa de la demarcaci\u00f3n\u00bb.<\/span><\/span><\/p><p><strong><span dir=\"auto\" style=\"vertical-align: inherit;\"><span dir=\"auto\" style=\"vertical-align: inherit;\">M\u00e1s informaci\u00f3n: <\/span><\/span><a href=\"https:\/\/cambraterrassa.org\/wp-content\/uploads\/2025\/07\/20250730-Nota-analisis-Impacto-de-la-aplicacion-de-aranceles-EEUU-15-julio-2025.pdf\" target=\"_blank\" rel=\"noopener\"><span dir=\"auto\" style=\"vertical-align: inherit;\"><span dir=\"auto\" style=\"vertical-align: inherit;\">Nota anal\u00edtica completa de la C\u00e1mara de Comercio de Espa\u00f1a.<\/span><\/span><\/a><\/strong><\/p>\t\t\t\t\t\t\t\t<\/div>\n\t\t\t\t<\/div>\n\t\t\t\t\t<\/div>\n\t\t\t\t<\/div>\n\t\t<div class=\"elementor-element elementor-element-db7efdb e-con-full e-flex e-con e-child\" data-id=\"db7efdb\" data-element_type=\"container\" data-e-type=\"container\">\n\t\t\t\t<div class=\"elementor-element elementor-element-77fec81 elementor-widget-divider--view-line elementor-widget elementor-widget-divider\" data-id=\"77fec81\" data-element_type=\"widget\" data-e-type=\"widget\" data-widget_type=\"divider.default\">\n\t\t\t\t<div class=\"elementor-widget-container\">\n\t\t\t\t\t\t\t<div class=\"elementor-divider\">\n\t\t\t<span class=\"elementor-divider-separator\">\n\t\t\t\t\t\t<\/span>\n\t\t<\/div>\n\t\t\t\t\t\t<\/div>\n\t\t\t\t<\/div>\n\t\t\t\t<div class=\"elementor-element elementor-element-ec6907a elementor-widget elementor-widget-text-editor\" data-id=\"ec6907a\" data-element_type=\"widget\" data-e-type=\"widget\" data-widget_type=\"text-editor.default\">\n\t\t\t\t<div class=\"elementor-widget-container\">\n\t\t\t\t\t\t\t\t\t<ul><li><a href=\"https:\/\/www.diarideterrassa.com\/economia\/preocupacio-estatal-pels-aranzels-dels-eua-pero-impacte-limitat-a-la-demarcacio-de-terrassa.html\" target=\"_blank\" rel=\"noopener\"><strong data-start=\"1270\" data-end=\"1277\">Diari de Terrassa <\/strong>| Preocupaci\u00f3 estatal pels aranzels dels EUA, per\u00f2 impacte limitat a la demarcaci\u00f3 de Terrassa<\/a><strong data-start=\"1270\" data-end=\"1277\"><br data-start=\"214\" data-end=\"217\" \/><\/strong><\/li><li><a href=\"https:\/\/terrassadigital.cat\/els-aranzels-deua-reduiran-un-10-les-exportacions-nacionals\/\" target=\"_blank\" rel=\"noopener\"><strong data-start=\"1270\" data-end=\"1277\">Terrassa Digital<\/strong> | Els aranzels dels EUA reduiran un 10% les exportacions nacionals<\/a><\/li><\/ul>\t\t\t\t\t\t\t\t<\/div>\n\t\t\t\t<\/div>\n\t\t\t\t<\/div>\n\t\t\t\t<\/div>\n\t\t","protected":false},"excerpt":{"rendered":"<p>La C\u00e1mara de Comercio de Terrassa se hace eco del informe de la C\u00e1mara de Espa\u00f1a La C\u00e1mara de Comercio de Espa\u00f1a alerta de un posible descenso del 10% en [&hellip;]<\/p>\n","protected":false},"author":4,"featured_media":37256,"comment_status":"closed","ping_status":"open","sticky":false,"template":"","format":"standard","meta":{"_acf_changed":false,"site-sidebar-layout":"default","site-content-layout":"","ast-site-content-layout":"default","site-content-style":"default","site-sidebar-style":"default","ast-global-header-display":"","ast-banner-title-visibility":"","ast-main-header-display":"","ast-hfb-above-header-display":"","ast-hfb-below-header-display":"","ast-hfb-mobile-header-display":"","site-post-title":"","ast-breadcrumbs-content":"","ast-featured-img":"","footer-sml-layout":"","ast-disable-related-posts":"","theme-transparent-header-meta":"","adv-header-id-meta":"","stick-header-meta":"","header-above-stick-meta":"","header-main-stick-meta":"","header-below-stick-meta":"","astra-migrate-meta-layouts":"default","ast-page-background-enabled":"default","ast-page-background-meta":{"desktop":{"background-color":"var(--ast-global-color-4)","background-image":"","background-repeat":"repeat","background-position":"center center","background-size":"auto","background-attachment":"scroll","background-type":"","background-media":"","overlay-type":"","overlay-color":"","overlay-opacity":"","overlay-gradient":""},"tablet":{"background-color":"","background-image":"","background-repeat":"repeat","background-position":"center center","background-size":"auto","background-attachment":"scroll","background-type":"","background-media":"","overlay-type":"","overlay-color":"","overlay-opacity":"","overlay-gradient":""},"mobile":{"background-color":"","background-image":"","background-repeat":"repeat","background-position":"center center","background-size":"auto","background-attachment":"scroll","background-type":"","background-media":"","overlay-type":"","overlay-color":"","overlay-opacity":"","overlay-gradient":""}},"ast-content-background-meta":{"desktop":{"background-color":"var(--ast-global-color-5)","background-image":"","background-repeat":"repeat","background-position":"center center","background-size":"auto","background-attachment":"scroll","background-type":"","background-media":"","overlay-type":"","overlay-color":"","overlay-opacity":"","overlay-gradient":""},"tablet":{"background-color":"var(--ast-global-color-5)","background-image":"","background-repeat":"repeat","background-position":"center center","background-size":"auto","background-attachment":"scroll","background-type":"","background-media":"","overlay-type":"","overlay-color":"","overlay-opacity":"","overlay-gradient":""},"mobile":{"background-color":"var(--ast-global-color-5)","background-image":"","background-repeat":"repeat","background-position":"center center","background-size":"auto","background-attachment":"scroll","background-type":"","background-media":"","overlay-type":"","overlay-color":"","overlay-opacity":"","overlay-gradient":""}},"footnotes":""},"categories":[158,158],"tags":[],"class_list":["post-52453","post","type-post","status-publish","format-standard","has-post-thumbnail","hentry","category-noticias-cambra"],"acf":[],"yoast_head":"<title>La C\u00e1mara de Espa\u00f1a alerta de un posible descenso del 10% en las exportaciones a EE. UU. por la aplicaci\u00f3n de un arancel del 15% - Cambra de Comer\u00e7 de Terrassa<\/title>\n<meta name=\"robots\" content=\"index, follow, max-snippet:-1, max-image-preview:large, max-video-preview:-1\" \/>\n<link rel=\"canonical\" href=\"https:\/\/cambraterrassa.org\/es\/wp-json\/wp\/v2\/posts\/52453\/\" \/>\n<meta property=\"og:locale\" content=\"es_ES\" \/>\n<meta property=\"og:type\" content=\"article\" \/>\n<meta property=\"og:title\" content=\"La C\u00e1mara de Espa\u00f1a alerta de un posible descenso del 10% en las exportaciones a EE. UU. por la aplicaci\u00f3n de un arancel del 15% - Cambra de Comer\u00e7 de Terrassa\" \/>\n<meta property=\"og:description\" content=\"La C\u00e1mara de Comercio de Terrassa se hace eco del informe de la C\u00e1mara de Espa\u00f1a La C\u00e1mara de Comercio de Espa\u00f1a alerta de un posible descenso del 10% en [&hellip;]\" \/>\n<meta property=\"og:url\" content=\"https:\/\/cambraterrassa.org\/cambra-despanya-alerta-dun-possible-descens-en-les-exportacions-als-eua\/\" \/>\n<meta property=\"og:site_name\" content=\"Cambra de Comer\u00e7 de Terrassa\" \/>\n<meta property=\"article:published_time\" content=\"2025-07-29T10:57:47+00:00\" \/>\n<meta property=\"article:modified_time\" content=\"2026-03-04T09:21:42+00:00\" \/>\n<meta property=\"og:image\" content=\"https:\/\/cambraterrassa.org\/wp-content\/uploads\/2024\/12\/Exportar-als-EUA-Impuls-La-Xarxa.webp\" \/>\n\t<meta property=\"og:image:width\" content=\"1892\" \/>\n\t<meta property=\"og:image:height\" content=\"957\" \/>\n\t<meta property=\"og:image:type\" content=\"image\/webp\" \/>\n<meta name=\"author\" content=\"Cambra Comer\u00e7 de Terrassa\" \/>\n<meta name=\"twitter:card\" content=\"summary_large_image\" \/>\n<meta name=\"twitter:label1\" content=\"Escrito por\" \/>\n\t<meta name=\"twitter:data1\" content=\"Cambra Comer\u00e7 de Terrassa\" \/>\n\t<meta name=\"twitter:label2\" content=\"Tiempo de lectura\" \/>\n\t<meta name=\"twitter:data2\" content=\"3 minutos\" \/>\n<script type=\"application\/ld+json\" class=\"yoast-schema-graph\">{\"@context\":\"https:\\\/\\\/schema.org\",\"@graph\":[{\"@type\":\"Article\",\"@id\":\"https:\\\/\\\/cambraterrassa.org\\\/cambra-despanya-alerta-dun-possible-descens-en-les-exportacions-als-eua\\\/#article\",\"isPartOf\":{\"@id\":\"https:\\\/\\\/cambraterrassa.org\\\/cambra-despanya-alerta-dun-possible-descens-en-les-exportacions-als-eua\\\/\"},\"author\":{\"name\":\"Cambra Comer\u00e7 de Terrassa\",\"@id\":\"https:\\\/\\\/cambraterrassa.org\\\/#\\\/schema\\\/person\\\/0bc07fb0860401623e478b0d7affcf74\"},\"headline\":\"La C\u00e1mara de Espa\u00f1a alerta de un posible descenso del 10% en las exportaciones a EE. UU. por la aplicaci\u00f3n de un arancel del 15%\",\"datePublished\":\"2025-07-29T10:57:47+00:00\",\"dateModified\":\"2026-03-04T09:21:42+00:00\",\"mainEntityOfPage\":{\"@id\":\"https:\\\/\\\/cambraterrassa.org\\\/cambra-despanya-alerta-dun-possible-descens-en-les-exportacions-als-eua\\\/\"},\"wordCount\":567,\"image\":{\"@id\":\"https:\\\/\\\/cambraterrassa.org\\\/cambra-despanya-alerta-dun-possible-descens-en-les-exportacions-als-eua\\\/#primaryimage\"},\"thumbnailUrl\":\"https:\\\/\\\/cambraterrassa.org\\\/wp-content\\\/uploads\\\/2024\\\/12\\\/Exportar-als-EUA-Impuls-La-Xarxa.webp\",\"articleSection\":[\"Noticias Cambra\",\"Noticias Cambra\"],\"inLanguage\":\"es\"},{\"@type\":\"WebPage\",\"@id\":\"https:\\\/\\\/cambraterrassa.org\\\/cambra-despanya-alerta-dun-possible-descens-en-les-exportacions-als-eua\\\/\",\"url\":\"https:\\\/\\\/cambraterrassa.org\\\/cambra-despanya-alerta-dun-possible-descens-en-les-exportacions-als-eua\\\/\",\"name\":\"La C\u00e1mara de Espa\u00f1a alerta de un posible descenso del 10% en las exportaciones a EE. UU. por la aplicaci\u00f3n de un arancel del 15% - Cambra de Comer\u00e7 de Terrassa\",\"isPartOf\":{\"@id\":\"https:\\\/\\\/cambraterrassa.org\\\/#website\"},\"primaryImageOfPage\":{\"@id\":\"https:\\\/\\\/cambraterrassa.org\\\/cambra-despanya-alerta-dun-possible-descens-en-les-exportacions-als-eua\\\/#primaryimage\"},\"image\":{\"@id\":\"https:\\\/\\\/cambraterrassa.org\\\/cambra-despanya-alerta-dun-possible-descens-en-les-exportacions-als-eua\\\/#primaryimage\"},\"thumbnailUrl\":\"https:\\\/\\\/cambraterrassa.org\\\/wp-content\\\/uploads\\\/2024\\\/12\\\/Exportar-als-EUA-Impuls-La-Xarxa.webp\",\"datePublished\":\"2025-07-29T10:57:47+00:00\",\"dateModified\":\"2026-03-04T09:21:42+00:00\",\"author\":{\"@id\":\"https:\\\/\\\/cambraterrassa.org\\\/#\\\/schema\\\/person\\\/0bc07fb0860401623e478b0d7affcf74\"},\"breadcrumb\":{\"@id\":\"https:\\\/\\\/cambraterrassa.org\\\/cambra-despanya-alerta-dun-possible-descens-en-les-exportacions-als-eua\\\/#breadcrumb\"},\"inLanguage\":\"es\",\"potentialAction\":[{\"@type\":\"ReadAction\",\"target\":[\"https:\\\/\\\/cambraterrassa.org\\\/cambra-despanya-alerta-dun-possible-descens-en-les-exportacions-als-eua\\\/\"]}]},{\"@type\":\"ImageObject\",\"inLanguage\":\"es\",\"@id\":\"https:\\\/\\\/cambraterrassa.org\\\/cambra-despanya-alerta-dun-possible-descens-en-les-exportacions-als-eua\\\/#primaryimage\",\"url\":\"https:\\\/\\\/cambraterrassa.org\\\/wp-content\\\/uploads\\\/2024\\\/12\\\/Exportar-als-EUA-Impuls-La-Xarxa.webp\",\"contentUrl\":\"https:\\\/\\\/cambraterrassa.org\\\/wp-content\\\/uploads\\\/2024\\\/12\\\/Exportar-als-EUA-Impuls-La-Xarxa.webp\",\"width\":1892,\"height\":957,\"caption\":\"Exportar als EUA Impuls La Xarxa\"},{\"@type\":\"BreadcrumbList\",\"@id\":\"https:\\\/\\\/cambraterrassa.org\\\/cambra-despanya-alerta-dun-possible-descens-en-les-exportacions-als-eua\\\/#breadcrumb\",\"itemListElement\":[{\"@type\":\"ListItem\",\"position\":1,\"name\":\"Inici\",\"item\":\"https:\\\/\\\/cambraterrassa.org\\\/\"},{\"@type\":\"ListItem\",\"position\":2,\"name\":\"La C\u00e1mara de Espa\u00f1a alerta de un posible descenso del 10% en las exportaciones a EE. UU. por la aplicaci\u00f3n de un arancel del 15%\"}]},{\"@type\":\"WebSite\",\"@id\":\"https:\\\/\\\/cambraterrassa.org\\\/#website\",\"url\":\"https:\\\/\\\/cambraterrassa.org\\\/\",\"name\":\"Cambra de Comer\u00e7 de Terrassa\",\"description\":\"\",\"potentialAction\":[{\"@type\":\"SearchAction\",\"target\":{\"@type\":\"EntryPoint\",\"urlTemplate\":\"https:\\\/\\\/cambraterrassa.org\\\/?s={search_term_string}\"},\"query-input\":{\"@type\":\"PropertyValueSpecification\",\"valueRequired\":true,\"valueName\":\"search_term_string\"}}],\"inLanguage\":\"es\"},{\"@type\":\"Person\",\"@id\":\"https:\\\/\\\/cambraterrassa.org\\\/#\\\/schema\\\/person\\\/0bc07fb0860401623e478b0d7affcf74\",\"name\":\"Cambra Comer\u00e7 de Terrassa\",\"image\":{\"@type\":\"ImageObject\",\"inLanguage\":\"es\",\"@id\":\"https:\\\/\\\/cambraterrassa.org\\\/wp-content\\\/litespeed\\\/avatar\\\/8add9977fa63207228a0c4a26e142cd7.jpg?ver=1777039958\",\"url\":\"https:\\\/\\\/cambraterrassa.org\\\/wp-content\\\/litespeed\\\/avatar\\\/8add9977fa63207228a0c4a26e142cd7.jpg?ver=1777039958\",\"contentUrl\":\"https:\\\/\\\/cambraterrassa.org\\\/wp-content\\\/litespeed\\\/avatar\\\/8add9977fa63207228a0c4a26e142cd7.jpg?ver=1777039958\",\"caption\":\"Cambra Comer\u00e7 de Terrassa\"},\"url\":\"https:\\\/\\\/cambraterrassa.org\\\/es\\\/author\\\/paula\\\/\"}]}<\/script>","yoast_head_json":{"title":"La C\u00e1mara de Espa\u00f1a alerta de un posible descenso del 10% en las exportaciones a EE. UU. por la aplicaci\u00f3n de un arancel del 15% - Cambra de Comer\u00e7 de Terrassa","robots":{"index":"index","follow":"follow","max-snippet":"max-snippet:-1","max-image-preview":"max-image-preview:large","max-video-preview":"max-video-preview:-1"},"canonical":"https:\/\/cambraterrassa.org\/es\/wp-json\/wp\/v2\/posts\/52453\/","og_locale":"es_ES","og_type":"article","og_title":"La C\u00e1mara de Espa\u00f1a alerta de un posible descenso del 10% en las exportaciones a EE. UU. por la aplicaci\u00f3n de un arancel del 15% - Cambra de Comer\u00e7 de Terrassa","og_description":"La C\u00e1mara de Comercio de Terrassa se hace eco del informe de la C\u00e1mara de Espa\u00f1a La C\u00e1mara de Comercio de Espa\u00f1a alerta de un posible descenso del 10% en [&hellip;]","og_url":"https:\/\/cambraterrassa.org\/cambra-despanya-alerta-dun-possible-descens-en-les-exportacions-als-eua\/","og_site_name":"Cambra de Comer\u00e7 de Terrassa","article_published_time":"2025-07-29T10:57:47+00:00","article_modified_time":"2026-03-04T09:21:42+00:00","og_image":[{"width":1892,"height":957,"url":"https:\/\/cambraterrassa.org\/wp-content\/uploads\/2024\/12\/Exportar-als-EUA-Impuls-La-Xarxa.webp","type":"image\/webp"}],"author":"Cambra Comer\u00e7 de Terrassa","twitter_card":"summary_large_image","twitter_misc":{"Escrito por":"Cambra Comer\u00e7 de Terrassa","Tiempo de lectura":"3 minutos"},"schema":{"@context":"https:\/\/schema.org","@graph":[{"@type":"Article","@id":"https:\/\/cambraterrassa.org\/cambra-despanya-alerta-dun-possible-descens-en-les-exportacions-als-eua\/#article","isPartOf":{"@id":"https:\/\/cambraterrassa.org\/cambra-despanya-alerta-dun-possible-descens-en-les-exportacions-als-eua\/"},"author":{"name":"Cambra Comer\u00e7 de Terrassa","@id":"https:\/\/cambraterrassa.org\/#\/schema\/person\/0bc07fb0860401623e478b0d7affcf74"},"headline":"La C\u00e1mara de Espa\u00f1a alerta de un posible descenso del 10% en las exportaciones a EE. UU. por la aplicaci\u00f3n de un arancel del 15%","datePublished":"2025-07-29T10:57:47+00:00","dateModified":"2026-03-04T09:21:42+00:00","mainEntityOfPage":{"@id":"https:\/\/cambraterrassa.org\/cambra-despanya-alerta-dun-possible-descens-en-les-exportacions-als-eua\/"},"wordCount":567,"image":{"@id":"https:\/\/cambraterrassa.org\/cambra-despanya-alerta-dun-possible-descens-en-les-exportacions-als-eua\/#primaryimage"},"thumbnailUrl":"https:\/\/cambraterrassa.org\/wp-content\/uploads\/2024\/12\/Exportar-als-EUA-Impuls-La-Xarxa.webp","articleSection":["Noticias Cambra","Noticias Cambra"],"inLanguage":"es"},{"@type":"WebPage","@id":"https:\/\/cambraterrassa.org\/cambra-despanya-alerta-dun-possible-descens-en-les-exportacions-als-eua\/","url":"https:\/\/cambraterrassa.org\/cambra-despanya-alerta-dun-possible-descens-en-les-exportacions-als-eua\/","name":"La C\u00e1mara de Espa\u00f1a alerta de un posible descenso del 10% en las exportaciones a EE. UU. por la aplicaci\u00f3n de un arancel del 15% - Cambra de Comer\u00e7 de Terrassa","isPartOf":{"@id":"https:\/\/cambraterrassa.org\/#website"},"primaryImageOfPage":{"@id":"https:\/\/cambraterrassa.org\/cambra-despanya-alerta-dun-possible-descens-en-les-exportacions-als-eua\/#primaryimage"},"image":{"@id":"https:\/\/cambraterrassa.org\/cambra-despanya-alerta-dun-possible-descens-en-les-exportacions-als-eua\/#primaryimage"},"thumbnailUrl":"https:\/\/cambraterrassa.org\/wp-content\/uploads\/2024\/12\/Exportar-als-EUA-Impuls-La-Xarxa.webp","datePublished":"2025-07-29T10:57:47+00:00","dateModified":"2026-03-04T09:21:42+00:00","author":{"@id":"https:\/\/cambraterrassa.org\/#\/schema\/person\/0bc07fb0860401623e478b0d7affcf74"},"breadcrumb":{"@id":"https:\/\/cambraterrassa.org\/cambra-despanya-alerta-dun-possible-descens-en-les-exportacions-als-eua\/#breadcrumb"},"inLanguage":"es","potentialAction":[{"@type":"ReadAction","target":["https:\/\/cambraterrassa.org\/cambra-despanya-alerta-dun-possible-descens-en-les-exportacions-als-eua\/"]}]},{"@type":"ImageObject","inLanguage":"es","@id":"https:\/\/cambraterrassa.org\/cambra-despanya-alerta-dun-possible-descens-en-les-exportacions-als-eua\/#primaryimage","url":"https:\/\/cambraterrassa.org\/wp-content\/uploads\/2024\/12\/Exportar-als-EUA-Impuls-La-Xarxa.webp","contentUrl":"https:\/\/cambraterrassa.org\/wp-content\/uploads\/2024\/12\/Exportar-als-EUA-Impuls-La-Xarxa.webp","width":1892,"height":957,"caption":"Exportar als EUA Impuls La Xarxa"},{"@type":"BreadcrumbList","@id":"https:\/\/cambraterrassa.org\/cambra-despanya-alerta-dun-possible-descens-en-les-exportacions-als-eua\/#breadcrumb","itemListElement":[{"@type":"ListItem","position":1,"name":"Inici","item":"https:\/\/cambraterrassa.org\/"},{"@type":"ListItem","position":2,"name":"La C\u00e1mara de Espa\u00f1a alerta de un posible descenso del 10% en las exportaciones a EE. UU. por la aplicaci\u00f3n de un arancel del 15%"}]},{"@type":"WebSite","@id":"https:\/\/cambraterrassa.org\/#website","url":"https:\/\/cambraterrassa.org\/","name":"Cambra de Comer\u00e7 de Terrassa","description":"","potentialAction":[{"@type":"SearchAction","target":{"@type":"EntryPoint","urlTemplate":"https:\/\/cambraterrassa.org\/?s={search_term_string}"},"query-input":{"@type":"PropertyValueSpecification","valueRequired":true,"valueName":"search_term_string"}}],"inLanguage":"es"},{"@type":"Person","@id":"https:\/\/cambraterrassa.org\/#\/schema\/person\/0bc07fb0860401623e478b0d7affcf74","name":"Cambra Comer\u00e7 de Terrassa","image":{"@type":"ImageObject","inLanguage":"es","@id":"https:\/\/cambraterrassa.org\/wp-content\/litespeed\/avatar\/8add9977fa63207228a0c4a26e142cd7.jpg?ver=1777039958","url":"https:\/\/cambraterrassa.org\/wp-content\/litespeed\/avatar\/8add9977fa63207228a0c4a26e142cd7.jpg?ver=1777039958","contentUrl":"https:\/\/cambraterrassa.org\/wp-content\/litespeed\/avatar\/8add9977fa63207228a0c4a26e142cd7.jpg?ver=1777039958","caption":"Cambra Comer\u00e7 de Terrassa"},"url":"https:\/\/cambraterrassa.org\/es\/author\/paula\/"}]}},"_links":{"self":[{"href":"https:\/\/cambraterrassa.org\/es\/wp-json\/wp\/v2\/posts\/52453","targetHints":{"allow":["GET"]}}],"collection":[{"href":"https:\/\/cambraterrassa.org\/es\/wp-json\/wp\/v2\/posts"}],"about":[{"href":"https:\/\/cambraterrassa.org\/es\/wp-json\/wp\/v2\/types\/post"}],"author":[{"embeddable":true,"href":"https:\/\/cambraterrassa.org\/es\/wp-json\/wp\/v2\/users\/4"}],"replies":[{"embeddable":true,"href":"https:\/\/cambraterrassa.org\/es\/wp-json\/wp\/v2\/comments?post=52453"}],"version-history":[{"count":0,"href":"https:\/\/cambraterrassa.org\/es\/wp-json\/wp\/v2\/posts\/52453\/revisions"}],"wp:featuredmedia":[{"embeddable":true,"href":"https:\/\/cambraterrassa.org\/es\/wp-json\/wp\/v2\/media\/37256"}],"wp:attachment":[{"href":"https:\/\/cambraterrassa.org\/es\/wp-json\/wp\/v2\/media?parent=52453"}],"wp:term":[{"taxonomy":"category","embeddable":true,"href":"https:\/\/cambraterrassa.org\/es\/wp-json\/wp\/v2\/categories?post=52453"},{"taxonomy":"post_tag","embeddable":true,"href":"https:\/\/cambraterrassa.org\/es\/wp-json\/wp\/v2\/tags?post=52453"}],"curies":[{"name":"wp","href":"https:\/\/api.w.org\/{rel}","templated":true}]}}