{"id":52449,"date":"2025-07-29T13:26:09","date_gmt":"2025-07-29T11:26:09","guid":{"rendered":"https:\/\/cambraterrassa.org\/convocatoria-del-programa-de-suport-al-comerc-2025\/"},"modified":"2026-03-10T10:35:01","modified_gmt":"2026-03-10T09:35:01","slug":"convocatoria-del-programa-de-soporte-al-comercio-2025","status":"publish","type":"post","link":"https:\/\/cambraterrassa.org\/es\/convocatoria-del-programa-de-soporte-al-comercio-2025\/","title":{"rendered":"Nueva convocatoria del Programa de Apoyo al Comercio 2025 para el impulso estrat\u00e9gico de los negocios"},"content":{"rendered":"\t\t<div data-elementor-type=\"wp-post\" data-elementor-id=\"52449\" class=\"elementor elementor-52449 elementor-45568\" data-elementor-post-type=\"post\">\n\t\t\t\t<div class=\"elementor-element elementor-element-63e6aa78 e-flex e-con-boxed e-con e-parent\" data-id=\"63e6aa78\" data-element_type=\"container\" data-e-type=\"container\">\n\t\t\t\t\t<div class=\"e-con-inner\">\n\t\t\t\t<div class=\"elementor-element elementor-element-f9d7e01 elementor-widget elementor-widget-image\" data-id=\"f9d7e01\" data-element_type=\"widget\" data-e-type=\"widget\" data-widget_type=\"image.default\">\n\t\t\t\t<div class=\"elementor-widget-container\">\n\t\t\t\t\t\t\t\t\t\t\t\t\t\t\t<img fetchpriority=\"high\" decoding=\"async\" width=\"768\" height=\"384\" src=\"https:\/\/cambraterrassa.org\/wp-content\/uploads\/2025\/07\/programa-suport-al-comerc-2025-768x384.webp\" class=\"attachment-medium_large size-medium_large wp-image-44199\" alt=\"\" srcset=\"https:\/\/cambraterrassa.org\/wp-content\/uploads\/2025\/07\/programa-suport-al-comerc-2025-768x384.webp 768w, https:\/\/cambraterrassa.org\/wp-content\/uploads\/2025\/07\/programa-suport-al-comerc-2025-300x150.webp 300w, https:\/\/cambraterrassa.org\/wp-content\/uploads\/2025\/07\/programa-suport-al-comerc-2025-1024x512.webp 1024w, https:\/\/cambraterrassa.org\/wp-content\/uploads\/2025\/07\/programa-suport-al-comerc-2025-600x300.webp 600w, https:\/\/cambraterrassa.org\/wp-content\/uploads\/2025\/07\/programa-suport-al-comerc-2025.webp 1250w\" sizes=\"(max-width: 768px) 100vw, 768px\" \/>\t\t\t\t\t\t\t\t\t\t\t\t\t\t\t<\/div>\n\t\t\t\t<\/div>\n\t\t\t\t<div class=\"elementor-element elementor-element-254b167e elementor-widget elementor-widget-text-editor\" data-id=\"254b167e\" data-element_type=\"widget\" data-e-type=\"widget\" data-widget_type=\"text-editor.default\">\n\t\t\t\t<div class=\"elementor-widget-container\">\n\t\t\t\t\t\t\t\t\t<p style=\"text-align: center;\">Desde 2004, 604 establecimientos se han beneficiado del programa, subvencionado al cien por cien y gestionado por la C\u00e1mara de Comercio de Terrassa<\/p>\n\n<h2 style=\"text-align: center;\"><strong>Nueva convocatoria del Programa de Apoyo al Comercio 2025 para el impulso estrat\u00e9gico de los negocios<\/strong><\/h2>\n<p style=\"text-align: center;\">Pueden acogerse pymes, micropymes y profesionales aut\u00f3nomos del sector comercio de los municipios de la demarcaci\u00f3n territorial, hasta el 20 de noviembre o hasta agotar las plazas<\/p>\n<p style=\"text-align: center;\">Incluye dos talleres pr\u00e1cticos de escaparatismo orientados a la campa\u00f1a de Navidad<\/p>\nTerrassa, 29 julio de octubre de 2025.- <strong>La C\u00e1mara de Comercio de Terrassa pone, un a\u00f1o m\u00e1s, a disposici\u00f3n de los <\/strong><strong>establecimientos comerciales <\/strong><strong>de la demarcaci\u00f3n territorial el Programa de Apoyo al Comercio, \u201cImpulso al Comercio\u201d. La convocatoria ya est\u00e1 abierta y estar\u00e1 vigente hasta el 20 de noviembre o bien hasta cubrir las veintiuna plazas de diagn\u00f3stico disponibles en esta edici\u00f3n. <\/strong>\n\n<strong>El Programa de Apoyo al Comercio Minorista incluye, por un lado, el Diagn\u00f3stico de Innovaci\u00f3n Comercial, y por otro, dos jornadas orientadas a mejorar la competitividad y la innovaci\u00f3n de los establecimientos. En esta ocasi\u00f3n, ser\u00e1n dos talleres pr\u00e1cticos y presenciales, que se celebrar\u00e1n en noviembre, dedicados al escaparatismo navide\u00f1o y a la mejora de la experiencia de compra en el punto de venta.<\/strong>\n\n<strong>Este programa, gestionado por la C\u00e1mara de Comercio de Terrassa, est\u00e1 subvencionado al cien por cien por los fondos FEDER y la Secretar\u00eda de Estado de Comercio y es gratuito para los comercios. Desde 2004, a\u00f1o en que la corporaci\u00f3n terrassense inici\u00f3 este programa, hasta la \u00faltima edici\u00f3n <\/strong><strong>un total de 604 establecimientos se han beneficiado. (Esta cifra<\/strong>\n\nComo en ediciones anteriores, los comercios que se acojan al programa dispondr\u00e1n de un an\u00e1lisis en profundidad para identificar los puntos fuertes y d\u00e9biles de su negocio. Con los resultados del diagn\u00f3stico, el comercio acogido al programa tendr\u00e1 acceso a un informe con sugerencias e ideas para potenciar su competitividad. El an\u00e1lisis incluye aspectos como las caracter\u00edsticas generales del comercio, el entorno comercial y los factores de atractivo, la distribuci\u00f3n de los diferentes elementos en el interior del local y el aspecto exterior, la cultura innovadora del negocio, la estrategia comercial y sugerencias de aplicaci\u00f3n de herramientas de digitalizaci\u00f3n y potenciaci\u00f3n de la venta online.\n\nCabe recordar que pueden beneficiarse del programa las pymes, micropymes y aut\u00f3nomos del sector comercio de la demarcaci\u00f3n territorial de la C\u00e1mara de Terrassa que pertenezcan a algunos de los ep\u00edgrafes de actividad CNAE-2009, Grupo 47 o con IAE ep\u00edgrafes 64, 65 o 66 (excluidas las farmacias). Desde el servicio de Comercio de la C\u00e1mara de Comercio de Terrassa se recuerda que los negocios que hayan cambiado de local o con diagn\u00f3sticos anteriores al a\u00f1o 2020 pueden volver a acogerse al programa y obtener un an\u00e1lisis actualizado de su comercio.\n<p style=\"text-align: center;\"><strong><a href=\"https:\/\/cambraterrassa.org\/comerc\/suport-al-comerc\/\">Para m\u00e1s informaci\u00f3n e inscripciones<\/a><\/strong><\/p>\t\t\t\t\t\t\t\t<\/div>\n\t\t\t\t<\/div>\n\t\t\t\t\t<\/div>\n\t\t\t\t<\/div>\n\t\t<div class=\"elementor-element elementor-element-257f037 e-con-full e-flex e-con e-child\" data-id=\"257f037\" data-element_type=\"container\" data-e-type=\"container\">\n\t\t\t\t<div class=\"elementor-element elementor-element-5e10850 elementor-widget-divider--view-line elementor-widget elementor-widget-divider\" data-id=\"5e10850\" data-element_type=\"widget\" data-e-type=\"widget\" data-widget_type=\"divider.default\">\n\t\t\t\t<div class=\"elementor-widget-container\">\n\t\t\t\t\t\t\t<div class=\"elementor-divider\">\n\t\t\t<span class=\"elementor-divider-separator\">\n\t\t\t\t\t\t<\/span>\n\t\t<\/div>\n\t\t\t\t\t\t<\/div>\n\t\t\t\t<\/div>\n\t\t\t\t<div class=\"elementor-element elementor-element-dd1c4ed elementor-widget elementor-widget-text-editor\" data-id=\"dd1c4ed\" data-element_type=\"widget\" data-e-type=\"widget\" data-widget_type=\"text-editor.default\">\n\t\t\t\t<div class=\"elementor-widget-container\">\n\t\t\t\t\t\t\t\t\t<ul><li><a href=\"https:\/\/www.aldia.cat\/espanya\/noticia-cambra-terrassa-barcelona-obre-convocatoria-programa-suport-comerc-2025-20250729172531.html\" target=\"_blank\" rel=\"noopener\"><strong style=\"font-size: 16px;\" data-start=\"160\" data-end=\"170\">Al Dia<\/strong><span style=\"font-size: 16px;\"> | La Cambra de Terrassa (Barcelona) obre la convocat\u00f2ria del programa Suport al Comer\u00e7 2025<\/span><\/a><\/li><li><a href=\"https:\/\/www.diarideterrassa.com\/economia\/la-cambra-de-terrassa-reactiva-el-programa-impuls-al-comerc\" target=\"_blank\" rel=\"noopener\"><strong data-start=\"265\" data-end=\"286\">Diari de Terrassa<\/strong> | La Cambra de Terrassa reactiva el programa Impuls al Comer\u00e7 per ajudar negocis a millorar la seva competitivitat<\/a><\/li><li><a href=\"https:\/\/www.europapress.es\/catalunya\/noticia-camara-terrassa-barcelona-abre-convocatoria-programa-suport-comerc-2025-20250729171717.html\" target=\"_blank\" rel=\"noopener\"><strong data-start=\"404\" data-end=\"419\" data-is-only-node=\"\">EuropaPress<\/strong> | La C\u00e1mara de Terrassa (Barcelona) abre la convocatoria del programa Suport al Comer\u00e7 2025<\/a><\/li><li><a href=\"http:\/\/www.gentedigital.es\/catalunya\/noticia\/4125027\/la-camara-de-terrassa-barcelona-abre-una-convocatoria-del-programa-de-suport-al-comerc-2025\/\" target=\"_blank\" rel=\"noopener\"><strong data-start=\"514\" data-end=\"531\">Gente Digital<\/strong> | La C\u00e1mara de Terrassa (Barcelona) abre una convocatoria del programa de Suport al Comer\u00e7 2025<\/a><\/li><\/ul>\t\t\t\t\t\t\t\t<\/div>\n\t\t\t\t<\/div>\n\t\t\t\t<\/div>\n\t\t\t\t<\/div>\n\t\t","protected":false},"excerpt":{"rendered":"<p>Desde 2004, 604 establecimientos se han beneficiado del programa, subvencionado al cien por cien y gestionado por la C\u00e1mara de Comercio de Terrassa Nueva convocatoria del Programa de Apoyo al [&hellip;]<\/p>\n","protected":false},"author":4,"featured_media":44199,"comment_status":"closed","ping_status":"open","sticky":false,"template":"","format":"standard","meta":{"_acf_changed":false,"site-sidebar-layout":"default","site-content-layout":"","ast-site-content-layout":"default","site-content-style":"default","site-sidebar-style":"default","ast-global-header-display":"","ast-banner-title-visibility":"","ast-main-header-display":"","ast-hfb-above-header-display":"","ast-hfb-below-header-display":"","ast-hfb-mobile-header-display":"","site-post-title":"","ast-breadcrumbs-content":"","ast-featured-img":"","footer-sml-layout":"","ast-disable-related-posts":"","theme-transparent-header-meta":"","adv-header-id-meta":"","stick-header-meta":"","header-above-stick-meta":"","header-main-stick-meta":"","header-below-stick-meta":"","astra-migrate-meta-layouts":"default","ast-page-background-enabled":"default","ast-page-background-meta":{"desktop":{"background-color":"var(--ast-global-color-4)","background-image":"","background-repeat":"repeat","background-position":"center center","background-size":"auto","background-attachment":"scroll","background-type":"","background-media":"","overlay-type":"","overlay-color":"","overlay-opacity":"","overlay-gradient":""},"tablet":{"background-color":"","background-image":"","background-repeat":"repeat","background-position":"center center","background-size":"auto","background-attachment":"scroll","background-type":"","background-media":"","overlay-type":"","overlay-color":"","overlay-opacity":"","overlay-gradient":""},"mobile":{"background-color":"","background-image":"","background-repeat":"repeat","background-position":"center center","background-size":"auto","background-attachment":"scroll","background-type":"","background-media":"","overlay-type":"","overlay-color":"","overlay-opacity":"","overlay-gradient":""}},"ast-content-background-meta":{"desktop":{"background-color":"var(--ast-global-color-5)","background-image":"","background-repeat":"repeat","background-position":"center center","background-size":"auto","background-attachment":"scroll","background-type":"","background-media":"","overlay-type":"","overlay-color":"","overlay-opacity":"","overlay-gradient":""},"tablet":{"background-color":"var(--ast-global-color-5)","background-image":"","background-repeat":"repeat","background-position":"center center","background-size":"auto","background-attachment":"scroll","background-type":"","background-media":"","overlay-type":"","overlay-color":"","overlay-opacity":"","overlay-gradient":""},"mobile":{"background-color":"var(--ast-global-color-5)","background-image":"","background-repeat":"repeat","background-position":"center center","background-size":"auto","background-attachment":"scroll","background-type":"","background-media":"","overlay-type":"","overlay-color":"","overlay-opacity":"","overlay-gradient":""}},"footnotes":""},"categories":[158],"tags":[],"class_list":["post-52449","post","type-post","status-publish","format-standard","has-post-thumbnail","hentry","category-noticias-cambra"],"acf":[],"yoast_head":"<title>Nueva convocatoria del Programa de Apoyo al Comercio 2025 para el impulso estrat\u00e9gico de los negocios - Cambra de Comer\u00e7 de Terrassa<\/title>\n<meta name=\"description\" content=\"Oberta la convocat\u00f2ria del Programa Impuls al Comer\u00e7 2025 amb tallers pr\u00e0ctics i diagnosi per a pimes i aut\u00f2noms.\" \/>\n<meta name=\"robots\" content=\"index, follow, max-snippet:-1, max-image-preview:large, max-video-preview:-1\" \/>\n<link rel=\"canonical\" href=\"https:\/\/cambraterrassa.org\/es\/wp-json\/wp\/v2\/posts\/52449\/\" \/>\n<meta property=\"og:locale\" content=\"es_ES\" \/>\n<meta property=\"og:type\" content=\"article\" \/>\n<meta property=\"og:title\" content=\"Nueva convocatoria del Programa de Apoyo al Comercio 2025 para el impulso estrat\u00e9gico de los negocios - Cambra de Comer\u00e7 de Terrassa\" \/>\n<meta property=\"og:description\" content=\"Oberta la convocat\u00f2ria del Programa Impuls al Comer\u00e7 2025 amb tallers pr\u00e0ctics i diagnosi per a pimes i aut\u00f2noms.\" \/>\n<meta property=\"og:url\" content=\"https:\/\/cambraterrassa.org\/convocatoria-del-programa-de-suport-al-comerc-2025\/\" \/>\n<meta property=\"og:site_name\" content=\"Cambra de Comer\u00e7 de Terrassa\" \/>\n<meta property=\"article:published_time\" content=\"2025-07-29T11:26:09+00:00\" \/>\n<meta property=\"article:modified_time\" content=\"2026-03-10T09:35:01+00:00\" \/>\n<meta property=\"og:image\" content=\"https:\/\/cambraterrassa.org\/wp-content\/uploads\/2025\/07\/programa-suport-al-comerc-2025.webp\" \/>\n\t<meta property=\"og:image:width\" content=\"1250\" \/>\n\t<meta property=\"og:image:height\" content=\"625\" \/>\n\t<meta property=\"og:image:type\" content=\"image\/webp\" \/>\n<meta name=\"author\" content=\"Cambra Comer\u00e7 de Terrassa\" \/>\n<meta name=\"twitter:card\" content=\"summary_large_image\" \/>\n<meta name=\"twitter:label1\" content=\"Escrito por\" \/>\n\t<meta name=\"twitter:data1\" content=\"Cambra Comer\u00e7 de Terrassa\" \/>\n\t<meta name=\"twitter:label2\" content=\"Tiempo de lectura\" \/>\n\t<meta name=\"twitter:data2\" content=\"3 minutos\" \/>\n<script type=\"application\/ld+json\" class=\"yoast-schema-graph\">{\"@context\":\"https:\\\/\\\/schema.org\",\"@graph\":[{\"@type\":\"Article\",\"@id\":\"https:\\\/\\\/cambraterrassa.org\\\/convocatoria-del-programa-de-suport-al-comerc-2025\\\/#article\",\"isPartOf\":{\"@id\":\"https:\\\/\\\/cambraterrassa.org\\\/convocatoria-del-programa-de-suport-al-comerc-2025\\\/\"},\"author\":{\"name\":\"Cambra Comer\u00e7 de Terrassa\",\"@id\":\"https:\\\/\\\/cambraterrassa.org\\\/#\\\/schema\\\/person\\\/0bc07fb0860401623e478b0d7affcf74\"},\"headline\":\"Nueva convocatoria del Programa de Apoyo al Comercio 2025 para el impulso estrat\u00e9gico de los negocios\",\"datePublished\":\"2025-07-29T11:26:09+00:00\",\"dateModified\":\"2026-03-10T09:35:01+00:00\",\"mainEntityOfPage\":{\"@id\":\"https:\\\/\\\/cambraterrassa.org\\\/convocatoria-del-programa-de-suport-al-comerc-2025\\\/\"},\"wordCount\":581,\"image\":{\"@id\":\"https:\\\/\\\/cambraterrassa.org\\\/convocatoria-del-programa-de-suport-al-comerc-2025\\\/#primaryimage\"},\"thumbnailUrl\":\"https:\\\/\\\/cambraterrassa.org\\\/wp-content\\\/uploads\\\/2025\\\/07\\\/programa-suport-al-comerc-2025.webp\",\"articleSection\":[\"Noticias Cambra\"],\"inLanguage\":\"es\"},{\"@type\":\"WebPage\",\"@id\":\"https:\\\/\\\/cambraterrassa.org\\\/convocatoria-del-programa-de-suport-al-comerc-2025\\\/\",\"url\":\"https:\\\/\\\/cambraterrassa.org\\\/convocatoria-del-programa-de-suport-al-comerc-2025\\\/\",\"name\":\"Nueva convocatoria del Programa de Apoyo al Comercio 2025 para el impulso estrat\u00e9gico de los negocios - Cambra de Comer\u00e7 de Terrassa\",\"isPartOf\":{\"@id\":\"https:\\\/\\\/cambraterrassa.org\\\/#website\"},\"primaryImageOfPage\":{\"@id\":\"https:\\\/\\\/cambraterrassa.org\\\/convocatoria-del-programa-de-suport-al-comerc-2025\\\/#primaryimage\"},\"image\":{\"@id\":\"https:\\\/\\\/cambraterrassa.org\\\/convocatoria-del-programa-de-suport-al-comerc-2025\\\/#primaryimage\"},\"thumbnailUrl\":\"https:\\\/\\\/cambraterrassa.org\\\/wp-content\\\/uploads\\\/2025\\\/07\\\/programa-suport-al-comerc-2025.webp\",\"datePublished\":\"2025-07-29T11:26:09+00:00\",\"dateModified\":\"2026-03-10T09:35:01+00:00\",\"author\":{\"@id\":\"https:\\\/\\\/cambraterrassa.org\\\/#\\\/schema\\\/person\\\/0bc07fb0860401623e478b0d7affcf74\"},\"description\":\"Oberta la convocat\u00f2ria del Programa Impuls al Comer\u00e7 2025 amb tallers pr\u00e0ctics i diagnosi per a pimes i aut\u00f2noms.\",\"breadcrumb\":{\"@id\":\"https:\\\/\\\/cambraterrassa.org\\\/convocatoria-del-programa-de-suport-al-comerc-2025\\\/#breadcrumb\"},\"inLanguage\":\"es\",\"potentialAction\":[{\"@type\":\"ReadAction\",\"target\":[\"https:\\\/\\\/cambraterrassa.org\\\/convocatoria-del-programa-de-suport-al-comerc-2025\\\/\"]}]},{\"@type\":\"ImageObject\",\"inLanguage\":\"es\",\"@id\":\"https:\\\/\\\/cambraterrassa.org\\\/convocatoria-del-programa-de-suport-al-comerc-2025\\\/#primaryimage\",\"url\":\"https:\\\/\\\/cambraterrassa.org\\\/wp-content\\\/uploads\\\/2025\\\/07\\\/programa-suport-al-comerc-2025.webp\",\"contentUrl\":\"https:\\\/\\\/cambraterrassa.org\\\/wp-content\\\/uploads\\\/2025\\\/07\\\/programa-suport-al-comerc-2025.webp\",\"width\":1250,\"height\":625},{\"@type\":\"BreadcrumbList\",\"@id\":\"https:\\\/\\\/cambraterrassa.org\\\/convocatoria-del-programa-de-suport-al-comerc-2025\\\/#breadcrumb\",\"itemListElement\":[{\"@type\":\"ListItem\",\"position\":1,\"name\":\"Inici\",\"item\":\"https:\\\/\\\/cambraterrassa.org\\\/\"},{\"@type\":\"ListItem\",\"position\":2,\"name\":\"Nueva convocatoria del Programa de Apoyo al Comercio 2025 para el impulso estrat\u00e9gico de los negocios\"}]},{\"@type\":\"WebSite\",\"@id\":\"https:\\\/\\\/cambraterrassa.org\\\/#website\",\"url\":\"https:\\\/\\\/cambraterrassa.org\\\/\",\"name\":\"Cambra de Comer\u00e7 de Terrassa\",\"description\":\"\",\"potentialAction\":[{\"@type\":\"SearchAction\",\"target\":{\"@type\":\"EntryPoint\",\"urlTemplate\":\"https:\\\/\\\/cambraterrassa.org\\\/?s={search_term_string}\"},\"query-input\":{\"@type\":\"PropertyValueSpecification\",\"valueRequired\":true,\"valueName\":\"search_term_string\"}}],\"inLanguage\":\"es\"},{\"@type\":\"Person\",\"@id\":\"https:\\\/\\\/cambraterrassa.org\\\/#\\\/schema\\\/person\\\/0bc07fb0860401623e478b0d7affcf74\",\"name\":\"Cambra Comer\u00e7 de Terrassa\",\"image\":{\"@type\":\"ImageObject\",\"inLanguage\":\"es\",\"@id\":\"https:\\\/\\\/cambraterrassa.org\\\/wp-content\\\/litespeed\\\/avatar\\\/8add9977fa63207228a0c4a26e142cd7.jpg?ver=1777644903\",\"url\":\"https:\\\/\\\/cambraterrassa.org\\\/wp-content\\\/litespeed\\\/avatar\\\/8add9977fa63207228a0c4a26e142cd7.jpg?ver=1777644903\",\"contentUrl\":\"https:\\\/\\\/cambraterrassa.org\\\/wp-content\\\/litespeed\\\/avatar\\\/8add9977fa63207228a0c4a26e142cd7.jpg?ver=1777644903\",\"caption\":\"Cambra Comer\u00e7 de Terrassa\"},\"url\":\"https:\\\/\\\/cambraterrassa.org\\\/es\\\/author\\\/paula\\\/\"}]}<\/script>","yoast_head_json":{"title":"Nueva convocatoria del Programa de Apoyo al Comercio 2025 para el impulso estrat\u00e9gico de los negocios - Cambra de Comer\u00e7 de Terrassa","description":"Oberta la convocat\u00f2ria del Programa Impuls al Comer\u00e7 2025 amb tallers pr\u00e0ctics i diagnosi per a pimes i aut\u00f2noms.","robots":{"index":"index","follow":"follow","max-snippet":"max-snippet:-1","max-image-preview":"max-image-preview:large","max-video-preview":"max-video-preview:-1"},"canonical":"https:\/\/cambraterrassa.org\/es\/wp-json\/wp\/v2\/posts\/52449\/","og_locale":"es_ES","og_type":"article","og_title":"Nueva convocatoria del Programa de Apoyo al Comercio 2025 para el impulso estrat\u00e9gico de los negocios - Cambra de Comer\u00e7 de Terrassa","og_description":"Oberta la convocat\u00f2ria del Programa Impuls al Comer\u00e7 2025 amb tallers pr\u00e0ctics i diagnosi per a pimes i aut\u00f2noms.","og_url":"https:\/\/cambraterrassa.org\/convocatoria-del-programa-de-suport-al-comerc-2025\/","og_site_name":"Cambra de Comer\u00e7 de Terrassa","article_published_time":"2025-07-29T11:26:09+00:00","article_modified_time":"2026-03-10T09:35:01+00:00","og_image":[{"width":1250,"height":625,"url":"https:\/\/cambraterrassa.org\/wp-content\/uploads\/2025\/07\/programa-suport-al-comerc-2025.webp","type":"image\/webp"}],"author":"Cambra Comer\u00e7 de Terrassa","twitter_card":"summary_large_image","twitter_misc":{"Escrito por":"Cambra Comer\u00e7 de Terrassa","Tiempo de lectura":"3 minutos"},"schema":{"@context":"https:\/\/schema.org","@graph":[{"@type":"Article","@id":"https:\/\/cambraterrassa.org\/convocatoria-del-programa-de-suport-al-comerc-2025\/#article","isPartOf":{"@id":"https:\/\/cambraterrassa.org\/convocatoria-del-programa-de-suport-al-comerc-2025\/"},"author":{"name":"Cambra Comer\u00e7 de Terrassa","@id":"https:\/\/cambraterrassa.org\/#\/schema\/person\/0bc07fb0860401623e478b0d7affcf74"},"headline":"Nueva convocatoria del Programa de Apoyo al Comercio 2025 para el impulso estrat\u00e9gico de los negocios","datePublished":"2025-07-29T11:26:09+00:00","dateModified":"2026-03-10T09:35:01+00:00","mainEntityOfPage":{"@id":"https:\/\/cambraterrassa.org\/convocatoria-del-programa-de-suport-al-comerc-2025\/"},"wordCount":581,"image":{"@id":"https:\/\/cambraterrassa.org\/convocatoria-del-programa-de-suport-al-comerc-2025\/#primaryimage"},"thumbnailUrl":"https:\/\/cambraterrassa.org\/wp-content\/uploads\/2025\/07\/programa-suport-al-comerc-2025.webp","articleSection":["Noticias Cambra"],"inLanguage":"es"},{"@type":"WebPage","@id":"https:\/\/cambraterrassa.org\/convocatoria-del-programa-de-suport-al-comerc-2025\/","url":"https:\/\/cambraterrassa.org\/convocatoria-del-programa-de-suport-al-comerc-2025\/","name":"Nueva convocatoria del Programa de Apoyo al Comercio 2025 para el impulso estrat\u00e9gico de los negocios - Cambra de Comer\u00e7 de Terrassa","isPartOf":{"@id":"https:\/\/cambraterrassa.org\/#website"},"primaryImageOfPage":{"@id":"https:\/\/cambraterrassa.org\/convocatoria-del-programa-de-suport-al-comerc-2025\/#primaryimage"},"image":{"@id":"https:\/\/cambraterrassa.org\/convocatoria-del-programa-de-suport-al-comerc-2025\/#primaryimage"},"thumbnailUrl":"https:\/\/cambraterrassa.org\/wp-content\/uploads\/2025\/07\/programa-suport-al-comerc-2025.webp","datePublished":"2025-07-29T11:26:09+00:00","dateModified":"2026-03-10T09:35:01+00:00","author":{"@id":"https:\/\/cambraterrassa.org\/#\/schema\/person\/0bc07fb0860401623e478b0d7affcf74"},"description":"Oberta la convocat\u00f2ria del Programa Impuls al Comer\u00e7 2025 amb tallers pr\u00e0ctics i diagnosi per a pimes i aut\u00f2noms.","breadcrumb":{"@id":"https:\/\/cambraterrassa.org\/convocatoria-del-programa-de-suport-al-comerc-2025\/#breadcrumb"},"inLanguage":"es","potentialAction":[{"@type":"ReadAction","target":["https:\/\/cambraterrassa.org\/convocatoria-del-programa-de-suport-al-comerc-2025\/"]}]},{"@type":"ImageObject","inLanguage":"es","@id":"https:\/\/cambraterrassa.org\/convocatoria-del-programa-de-suport-al-comerc-2025\/#primaryimage","url":"https:\/\/cambraterrassa.org\/wp-content\/uploads\/2025\/07\/programa-suport-al-comerc-2025.webp","contentUrl":"https:\/\/cambraterrassa.org\/wp-content\/uploads\/2025\/07\/programa-suport-al-comerc-2025.webp","width":1250,"height":625},{"@type":"BreadcrumbList","@id":"https:\/\/cambraterrassa.org\/convocatoria-del-programa-de-suport-al-comerc-2025\/#breadcrumb","itemListElement":[{"@type":"ListItem","position":1,"name":"Inici","item":"https:\/\/cambraterrassa.org\/"},{"@type":"ListItem","position":2,"name":"Nueva convocatoria del Programa de Apoyo al Comercio 2025 para el impulso estrat\u00e9gico de los negocios"}]},{"@type":"WebSite","@id":"https:\/\/cambraterrassa.org\/#website","url":"https:\/\/cambraterrassa.org\/","name":"Cambra de Comer\u00e7 de Terrassa","description":"","potentialAction":[{"@type":"SearchAction","target":{"@type":"EntryPoint","urlTemplate":"https:\/\/cambraterrassa.org\/?s={search_term_string}"},"query-input":{"@type":"PropertyValueSpecification","valueRequired":true,"valueName":"search_term_string"}}],"inLanguage":"es"},{"@type":"Person","@id":"https:\/\/cambraterrassa.org\/#\/schema\/person\/0bc07fb0860401623e478b0d7affcf74","name":"Cambra Comer\u00e7 de Terrassa","image":{"@type":"ImageObject","inLanguage":"es","@id":"https:\/\/cambraterrassa.org\/wp-content\/litespeed\/avatar\/8add9977fa63207228a0c4a26e142cd7.jpg?ver=1777644903","url":"https:\/\/cambraterrassa.org\/wp-content\/litespeed\/avatar\/8add9977fa63207228a0c4a26e142cd7.jpg?ver=1777644903","contentUrl":"https:\/\/cambraterrassa.org\/wp-content\/litespeed\/avatar\/8add9977fa63207228a0c4a26e142cd7.jpg?ver=1777644903","caption":"Cambra Comer\u00e7 de Terrassa"},"url":"https:\/\/cambraterrassa.org\/es\/author\/paula\/"}]}},"_links":{"self":[{"href":"https:\/\/cambraterrassa.org\/es\/wp-json\/wp\/v2\/posts\/52449","targetHints":{"allow":["GET"]}}],"collection":[{"href":"https:\/\/cambraterrassa.org\/es\/wp-json\/wp\/v2\/posts"}],"about":[{"href":"https:\/\/cambraterrassa.org\/es\/wp-json\/wp\/v2\/types\/post"}],"author":[{"embeddable":true,"href":"https:\/\/cambraterrassa.org\/es\/wp-json\/wp\/v2\/users\/4"}],"replies":[{"embeddable":true,"href":"https:\/\/cambraterrassa.org\/es\/wp-json\/wp\/v2\/comments?post=52449"}],"version-history":[{"count":0,"href":"https:\/\/cambraterrassa.org\/es\/wp-json\/wp\/v2\/posts\/52449\/revisions"}],"wp:featuredmedia":[{"embeddable":true,"href":"https:\/\/cambraterrassa.org\/es\/wp-json\/wp\/v2\/media\/44199"}],"wp:attachment":[{"href":"https:\/\/cambraterrassa.org\/es\/wp-json\/wp\/v2\/media?parent=52449"}],"wp:term":[{"taxonomy":"category","embeddable":true,"href":"https:\/\/cambraterrassa.org\/es\/wp-json\/wp\/v2\/categories?post=52449"},{"taxonomy":"post_tag","embeddable":true,"href":"https:\/\/cambraterrassa.org\/es\/wp-json\/wp\/v2\/tags?post=52449"}],"curies":[{"name":"wp","href":"https:\/\/api.w.org\/{rel}","templated":true}]}}