{"id":52447,"date":"2025-09-15T16:33:25","date_gmt":"2025-09-15T14:33:25","guid":{"rendered":"https:\/\/cambraterrassa.org\/terrassa-acull-experts-de-vuit-paisos-europeus-del-projecte-eulep\/"},"modified":"2026-03-05T11:47:46","modified_gmt":"2026-03-05T10:47:46","slug":"terrassa-acoge-expertos-de-ocho-paises-europeos-del-proyecto-eulep-para-la-formacion-empresarial-en-digitalizacion-avanzada","status":"publish","type":"post","link":"https:\/\/cambraterrassa.org\/es\/terrassa-acoge-expertos-de-ocho-paises-europeos-del-proyecto-eulep-para-la-formacion-empresarial-en-digitalizacion-avanzada\/","title":{"rendered":"Terrassa acoge a los expertos de ocho pa\u00edses europeos del proyecto EULEP para la formaci\u00f3n empresarial en digitalizaci\u00f3n avanzada"},"content":{"rendered":"\t\t<div data-elementor-type=\"wp-post\" data-elementor-id=\"52447\" class=\"elementor elementor-52447 elementor-46038\" data-elementor-post-type=\"post\">\n\t\t\t\t<div class=\"elementor-element elementor-element-ccd1887 e-grid e-con-boxed e-con e-parent\" data-id=\"ccd1887\" data-element_type=\"container\" data-e-type=\"container\">\n\t\t\t\t\t<div class=\"e-con-inner\">\n\t\t\t\t<div class=\"elementor-element elementor-element-7522a9b elementor-widget elementor-widget-image\" data-id=\"7522a9b\" data-element_type=\"widget\" data-e-type=\"widget\" data-widget_type=\"image.default\">\n\t\t\t\t<div class=\"elementor-widget-container\">\n\t\t\t\t\t\t\t\t\t\t\t\t\t\t\t<img fetchpriority=\"high\" decoding=\"async\" width=\"1024\" height=\"768\" src=\"https:\/\/cambraterrassa.org\/wp-content\/uploads\/2025\/09\/WhatsApp-Image-2023-10-10-at-14.34.07-1024x768.webp\" class=\"attachment-large size-large wp-image-46044\" alt=\"\" srcset=\"https:\/\/cambraterrassa.org\/wp-content\/uploads\/2025\/09\/WhatsApp-Image-2023-10-10-at-14.34.07-1024x768.webp 1024w, https:\/\/cambraterrassa.org\/wp-content\/uploads\/2025\/09\/WhatsApp-Image-2023-10-10-at-14.34.07-300x225.webp 300w, https:\/\/cambraterrassa.org\/wp-content\/uploads\/2025\/09\/WhatsApp-Image-2023-10-10-at-14.34.07-768x576.webp 768w, https:\/\/cambraterrassa.org\/wp-content\/uploads\/2025\/09\/WhatsApp-Image-2023-10-10-at-14.34.07-1536x1152.webp 1536w, https:\/\/cambraterrassa.org\/wp-content\/uploads\/2025\/09\/WhatsApp-Image-2023-10-10-at-14.34.07-600x450.webp 600w, https:\/\/cambraterrassa.org\/wp-content\/uploads\/2025\/09\/WhatsApp-Image-2023-10-10-at-14.34.07.webp 2048w\" sizes=\"(max-width: 1024px) 100vw, 1024px\" \/>\t\t\t\t\t\t\t\t\t\t\t\t\t\t\t<\/div>\n\t\t\t\t<\/div>\n\t\t\t\t<div class=\"elementor-element elementor-element-6cf445f elementor-widget elementor-widget-image\" data-id=\"6cf445f\" data-element_type=\"widget\" data-e-type=\"widget\" data-widget_type=\"image.default\">\n\t\t\t\t<div class=\"elementor-widget-container\">\n\t\t\t\t\t\t\t\t\t\t\t\t\t\t\t<img decoding=\"async\" width=\"1024\" height=\"768\" src=\"https:\/\/cambraterrassa.org\/wp-content\/uploads\/2025\/09\/WhatsApp-Image-2023-10-10-at-14.34.12-1024x768.webp\" class=\"attachment-large size-large wp-image-46042\" alt=\"\" srcset=\"https:\/\/cambraterrassa.org\/wp-content\/uploads\/2025\/09\/WhatsApp-Image-2023-10-10-at-14.34.12-1024x768.webp 1024w, https:\/\/cambraterrassa.org\/wp-content\/uploads\/2025\/09\/WhatsApp-Image-2023-10-10-at-14.34.12-300x225.webp 300w, https:\/\/cambraterrassa.org\/wp-content\/uploads\/2025\/09\/WhatsApp-Image-2023-10-10-at-14.34.12-768x576.webp 768w, https:\/\/cambraterrassa.org\/wp-content\/uploads\/2025\/09\/WhatsApp-Image-2023-10-10-at-14.34.12-1536x1152.webp 1536w, https:\/\/cambraterrassa.org\/wp-content\/uploads\/2025\/09\/WhatsApp-Image-2023-10-10-at-14.34.12-600x450.webp 600w, https:\/\/cambraterrassa.org\/wp-content\/uploads\/2025\/09\/WhatsApp-Image-2023-10-10-at-14.34.12.webp 2048w\" sizes=\"(max-width: 1024px) 100vw, 1024px\" \/>\t\t\t\t\t\t\t\t\t\t\t\t\t\t\t<\/div>\n\t\t\t\t<\/div>\n\t\t\t\t\t<\/div>\n\t\t\t\t<\/div>\n\t\t<div class=\"elementor-element elementor-element-4497dac1 e-flex e-con-boxed e-con e-parent\" data-id=\"4497dac1\" data-element_type=\"container\" data-e-type=\"container\">\n\t\t\t\t\t<div class=\"e-con-inner\">\n\t\t\t\t<div class=\"elementor-element elementor-element-639b3447 elementor-widget elementor-widget-text-editor\" data-id=\"639b3447\" data-element_type=\"widget\" data-e-type=\"widget\" data-widget_type=\"text-editor.default\">\n\t\t\t\t<div class=\"elementor-widget-container\">\n\t\t\t\t\t\t\t\t\t\n<h4 style=\"text-align: center;\"><strong><span style=\"color: #333300;\">Els dies 17 i 18 de setembre<\/span><\/strong><\/h4>\n<h2 style=\"text-align: center;\"><\/h2>\n<h2 style=\"text-align: center;\">Terrassa acull els experts de vuit pa\u00efsos europeus del projecte EULEP per a la formaci\u00f3 empresarial en digitalitzaci\u00f3 avan\u00e7ada<\/h2>\n<h2 style=\"text-align: center;\"><\/h2>\n<h4 style=\"text-align: center;\"><span style=\"color: #333300;\"><strong>L\u2019Ajuntament de Terrassa, la UOC i la Cambra de Comer\u00e7 de Terrassa lideren la implementaci\u00f3 del projecte a Catalunya<\/strong><\/span><\/h4>\n\t\t\t\t\t\t\t\t<\/div>\n\t\t\t\t<\/div>\n\t\t\t\t<div class=\"elementor-element elementor-element-92b78ee elementor-widget elementor-widget-text-editor\" data-id=\"92b78ee\" data-element_type=\"widget\" data-e-type=\"widget\" data-widget_type=\"text-editor.default\">\n\t\t\t\t<div class=\"elementor-widget-container\">\n\t\t\t\t\t\t\t\t\t\n<p><strong>Terrassa, 15 de setembre de 2025.\u2013<\/strong> La Cambra de Comer\u00e7 de Terrassa acollir\u00e0 els pr\u00f2xims 17 i 18 de setembre la trobada dels membres de l\u2019\u00f2rgan de govern de la Plataforma Europea d\u2019Experi\u00e8ncies d\u2019Aprenentatge, EULEP (2022-2026). Seran una vintena d\u2019experts t\u00e8cnics de vuit pa\u00efsos europeus que des del 2022 col\u00b7laboren per impulsar l\u2019excel\u00b7l\u00e8ncia en la formaci\u00f3 professional i adaptar-la als reptes actuals. Terrassa forma part de l\u2019EULEP a trav\u00e9s del node integrat per l\u2019Ajuntament de Terrassa (Consell de l\u2019FP), la Universitat Oberta de Catalunya (UOC), i la Cambra de Comer\u00e7 de Terrassa que actua com a amfitriona en aquesta trobada internacional.<br \/><br \/>El projecte EULEP, liderat per Eurochambres i cofinan\u00e7at per la UE, t\u00e9 per objectiu adaptar la formaci\u00f3 professional als reptes de la transformaci\u00f3 digital, amb especial \u00e8mfasi en la intel\u00b7lig\u00e8ncia artificial (IA), la realitat virtual (RV) i la innovaci\u00f3 social (IS). El programa empr\u00e8n la seva fase final amb l\u2019execuci\u00f3 cursos pioners i innovadors en \u00e0mbits clau de la digitalitzaci\u00f3 avan\u00e7ada, i totalment subvencionats per a les empreses i professionals.<br \/><br \/><strong>Desplegament del programa EULEP<\/strong><\/p>\n\n<ul class=\"wp-block-list\">\n<li>En la primera etapa (2022-2023), es van identificar les necessitats formatives de les empreses mitjan\u00e7ant una \u00e0mplia enquesta a 717 companyies europees, que va evidenciar d\u00e8ficits en capacitaci\u00f3 digital (IA i RV) i la manca d\u2019estrat\u00e8gies per gestionar la transformaci\u00f3 digital.<\/li>\n\n<li>A partir d\u2019aquest diagn\u00f2stic, s\u2019han desenvolupat materials, metodologies i models formatius innovadors, compartits entre els vuit pa\u00efsos participants.<\/li>\n\n<li>Ara, en la fase actual, el projecte es concentra en l\u2019execuci\u00f3 dels cursos pilot totalment subvencionats, aplicats directament a empreses i consolidar aquests nous models formatius.<\/li>\n<\/ul>\n\n<p><strong>Formaci\u00f3 de la triple h\u00e8lix catalana<\/strong><br \/>Des de la triple h\u00e8lix catalana formada per la Cambra de Comer\u00e7 de Terrassa, l\u2019Ajuntament de Terrassa i la UOC s\u2019impulsa, entre els mesos de setembre i novembre, tres programes formatius en el marc del programa EULEP.<\/p>\n\n<ul class=\"wp-block-list\">\n<li><strong>Transformaci\u00f3 Digital i Canvi Organitzacional<\/strong> (Cambra de Comer\u00e7 de Terrassa). Un total de trenta quatre empreses de la demarcaci\u00f3 territorial s\u2019han inscrit en aquest curs que se celebrar\u00e0 del 15 de setembre al 31 d\u2019octubre. Seran 20 hores de formaci\u00f3 on line amb tallers en l\u00ednia i acompanyament personalitzat.<br \/>M\u00e9s informaci\u00f3:<br \/>&#8211; <a href=\"https:\/\/cambraterrassa.org\/agenda\/si-transformacion-digital-y-cambio-organizacional\/\ufffc-\" target=\"_blank\" rel=\"noreferrer noopener\">https:\/\/cambraterrassa.org\/agenda\/si-transformacion-digital-y-cambio-organizacional\/<br \/>&#8211;<\/a> <a href=\"https:\/\/cambraterrassa.org\/nou-curs-original-de-transformacio-digital-i-canvi-organitzacional-obert-a-empreses-de-tot-lestat\/\ufffc\ufffc\" target=\"_blank\" rel=\"noreferrer noopener\">https:\/\/cambraterrassa.org\/nou-curs-original-de-transformacio-digital-i-canvi-organitzacional-obert-a-empreses-de-tot-lestat\/<br \/><br \/><\/a><\/li>\n\n<li><strong>IA aplicada a l\u2019entorn empresarial<\/strong> (Universitat Oberta de Catalunya, UOC), del 6 d\u2019octubre al 14 de novembre Total 25 hores de formaci\u00f3 flexible amb seminaris web i casos pr\u00e0ctics.<br \/>M\u00e9s informaci\u00f3: <a href=\"https:\/\/eulep.research.uoc.edu\/es\/formacio\/\ufffc\ufffc\" target=\"_blank\" rel=\"noreferrer noopener\">https:\/\/eulep.research.uoc.edu\/es\/formacio\/<br \/><br \/><\/a><\/li>\n\n<li><strong>Realitat Virtual a l\u2019entorn empresarial <\/strong>(Ajuntament de Terrassa i Parc Audiovisual) A partir del mes d\u2019octubre. Aplicaci\u00f3 de la RV en processos productius i estrat\u00e8gics.<\/li>\n<\/ul>\n\n<p><strong>Premi europeu i networking<\/strong><strong><br \/><\/strong>Els participants que completin la formaci\u00f3 podran optar al Premi europeu en la categoria corresponent al curs que hagin realitzat (Transformaci\u00f3 Digital, IA, RV). Els guardonats gaudiran d\u2019un viatge a Brussel\u00b7les i s\u2019uniran a la trobada amb empreses i institucions dels altres pa\u00efsos participants.<\/p>\n\t\t\t\t\t\t\t\t<\/div>\n\t\t\t\t<\/div>\n\t\t\t\t\t<\/div>\n\t\t\t\t<\/div>\n\t\t<div class=\"elementor-element elementor-element-32a99ad e-con-full e-flex e-con e-child\" data-id=\"32a99ad\" data-element_type=\"container\" data-e-type=\"container\">\n\t\t\t\t<div class=\"elementor-element elementor-element-c19f911 elementor-widget-divider--view-line elementor-widget elementor-widget-divider\" data-id=\"c19f911\" data-element_type=\"widget\" data-e-type=\"widget\" data-widget_type=\"divider.default\">\n\t\t\t\t<div class=\"elementor-widget-container\">\n\t\t\t\t\t\t\t<div class=\"elementor-divider\">\n\t\t\t<span class=\"elementor-divider-separator\">\n\t\t\t\t\t\t<\/span>\n\t\t<\/div>\n\t\t\t\t\t\t<\/div>\n\t\t\t\t<\/div>\n\t\t\t\t<div class=\"elementor-element elementor-element-432265c elementor-widget elementor-widget-text-editor\" data-id=\"432265c\" data-element_type=\"widget\" data-e-type=\"widget\" data-widget_type=\"text-editor.default\">\n\t\t\t\t<div class=\"elementor-widget-container\">\n\t\t\t\t\t\t\t\t\t<ul><li data-start=\"103\" data-end=\"232\"><a href=\"https:\/\/www.aldia.cat\/espanya\/noticia-cambra-terrassa-barcelona-acollira-experts-paisos-jornada-setembre-20250915133838.html\" target=\"_blank\" rel=\"noopener\"><strong data-start=\"103\" data-end=\"112\">Aldia<\/strong> | La Cambra de Terrassa acollir\u00e0 experts de 8 pa\u00efsos en una jornada al setembre<\/a><\/li><li data-start=\"235\" data-end=\"403\"><a href=\"https:\/\/www.diarideterrassa.com\/economia\/experts-europeus-terrassa-impulsar-formacio-empresarial-digitalitzacio-avancada.html\" target=\"_blank\" rel=\"noopener\"><strong data-start=\"235\" data-end=\"256\">Diari de Terrassa<\/strong> | Experts europeus es reuneixen a Terrassa per impulsar la formaci\u00f3 empresarial en digitalitzaci\u00f3 avan\u00e7ada<\/a><\/li><li data-start=\"235\" data-end=\"403\"><a href=\"https:\/\/www.europapress.es\/catalunya\/noticia-camara-terrassa-barcelona-acogera-expertos-paises-jornada-septiembre-20250915132210.html\" target=\"_blank\" rel=\"noopener\"><strong data-start=\"406\" data-end=\"421\">EuropaPress<\/strong> | La C\u00e1mara de Terrassa (Barcelona) acoger\u00e1 expertos de 8 pa\u00edses en una jornada en septiembre<\/a><\/li><li data-start=\"558\" data-end=\"709\"><a href=\"http:\/\/www.gentedigital.es\/catalunya\/noticia\/4152235\/la-camara-de-terrassa-barcelona-acogera-expertos-de-8-paises-en-una-jornada-en-septiembre\/\" target=\"_blank\" rel=\"noopener\"><strong data-start=\"558\" data-end=\"575\">Gente Digital<\/strong> | La C\u00e1mara de Terrassa (Barcelona) acoger\u00e1 expertos de 8 pa\u00edses en una jornada en septiembre<\/a><\/li><li data-start=\"558\" data-end=\"709\"><a href=\"https:\/\/www.ultimahora.es\/noticias\/comunidades\/2025\/09\/15\/2470491\/camara-terrassa-barcelona-acogera-expertos-paises-jornada-septiembre.html\" target=\"_blank\" rel=\"noopener\"><strong style=\"font-size: 16px;\" data-start=\"712\" data-end=\"726\">UltimaHora<\/strong><span style=\"font-size: 16px;\"> | La C\u00e1mara de Terrassa (Barcelona) acoger\u00e1 expertos de 8 pa\u00edses en una jornada en septiembre<\/span><\/a><\/li><\/ul>\t\t\t\t\t\t\t\t<\/div>\n\t\t\t\t<\/div>\n\t\t\t\t<\/div>\n\t\t\t\t<\/div>\n\t\t","protected":false},"excerpt":{"rendered":"<p>Els dies 17 i 18 de setembre Terrassa acull els experts de vuit pa\u00efsos europeus del projecte EULEP per a la formaci\u00f3 empresarial en digitalitzaci\u00f3 avan\u00e7ada L\u2019Ajuntament de Terrassa, la [&hellip;]<\/p>\n","protected":false},"author":4,"featured_media":46044,"comment_status":"closed","ping_status":"open","sticky":false,"template":"","format":"standard","meta":{"_acf_changed":false,"site-sidebar-layout":"default","site-content-layout":"","ast-site-content-layout":"default","site-content-style":"default","site-sidebar-style":"default","ast-global-header-display":"","ast-banner-title-visibility":"","ast-main-header-display":"","ast-hfb-above-header-display":"","ast-hfb-below-header-display":"","ast-hfb-mobile-header-display":"","site-post-title":"","ast-breadcrumbs-content":"","ast-featured-img":"","footer-sml-layout":"","ast-disable-related-posts":"","theme-transparent-header-meta":"","adv-header-id-meta":"","stick-header-meta":"","header-above-stick-meta":"","header-main-stick-meta":"","header-below-stick-meta":"","astra-migrate-meta-layouts":"default","ast-page-background-enabled":"default","ast-page-background-meta":{"desktop":{"background-color":"var(--ast-global-color-4)","background-image":"","background-repeat":"repeat","background-position":"center center","background-size":"auto","background-attachment":"scroll","background-type":"","background-media":"","overlay-type":"","overlay-color":"","overlay-opacity":"","overlay-gradient":""},"tablet":{"background-color":"","background-image":"","background-repeat":"repeat","background-position":"center center","background-size":"auto","background-attachment":"scroll","background-type":"","background-media":"","overlay-type":"","overlay-color":"","overlay-opacity":"","overlay-gradient":""},"mobile":{"background-color":"","background-image":"","background-repeat":"repeat","background-position":"center center","background-size":"auto","background-attachment":"scroll","background-type":"","background-media":"","overlay-type":"","overlay-color":"","overlay-opacity":"","overlay-gradient":""}},"ast-content-background-meta":{"desktop":{"background-color":"var(--ast-global-color-5)","background-image":"","background-repeat":"repeat","background-position":"center center","background-size":"auto","background-attachment":"scroll","background-type":"","background-media":"","overlay-type":"","overlay-color":"","overlay-opacity":"","overlay-gradient":""},"tablet":{"background-color":"var(--ast-global-color-5)","background-image":"","background-repeat":"repeat","background-position":"center center","background-size":"auto","background-attachment":"scroll","background-type":"","background-media":"","overlay-type":"","overlay-color":"","overlay-opacity":"","overlay-gradient":""},"mobile":{"background-color":"var(--ast-global-color-5)","background-image":"","background-repeat":"repeat","background-position":"center center","background-size":"auto","background-attachment":"scroll","background-type":"","background-media":"","overlay-type":"","overlay-color":"","overlay-opacity":"","overlay-gradient":""}},"footnotes":""},"categories":[158],"tags":[],"class_list":["post-52447","post","type-post","status-publish","format-standard","has-post-thumbnail","hentry","category-noticias-cambra"],"acf":[],"yoast_head":"<title>Terrassa acoge a los expertos de ocho pa\u00edses europeos del proyecto EULEP para la formaci\u00f3n empresarial en digitalizaci\u00f3n avanzada - Cambra de Comer\u00e7 de Terrassa<\/title>\n<meta name=\"description\" content=\"Terrassa acull el projecte EULEP Terrassa, amb experts de vuit pa\u00efsos que impulsen la formaci\u00f3 empresarial en digitalitzaci\u00f3 avan\u00e7ada\" \/>\n<meta name=\"robots\" content=\"index, follow, max-snippet:-1, max-image-preview:large, max-video-preview:-1\" \/>\n<link rel=\"canonical\" href=\"https:\/\/cambraterrassa.org\/es\/wp-json\/wp\/v2\/posts\/52447\/\" \/>\n<meta property=\"og:locale\" content=\"es_ES\" \/>\n<meta property=\"og:type\" content=\"article\" \/>\n<meta property=\"og:title\" content=\"Terrassa acoge a los expertos de ocho pa\u00edses europeos del proyecto EULEP para la formaci\u00f3n empresarial en digitalizaci\u00f3n avanzada - Cambra de Comer\u00e7 de Terrassa\" \/>\n<meta property=\"og:description\" content=\"Terrassa acull el projecte EULEP Terrassa, amb experts de vuit pa\u00efsos que impulsen la formaci\u00f3 empresarial en digitalitzaci\u00f3 avan\u00e7ada\" \/>\n<meta property=\"og:url\" content=\"https:\/\/cambraterrassa.org\/terrassa-acull-experts-de-vuit-paisos-europeus-del-projecte-eulep\/\" \/>\n<meta property=\"og:site_name\" content=\"Cambra de Comer\u00e7 de Terrassa\" \/>\n<meta property=\"article:published_time\" content=\"2025-09-15T14:33:25+00:00\" \/>\n<meta property=\"article:modified_time\" content=\"2026-03-05T10:47:46+00:00\" \/>\n<meta property=\"og:image\" content=\"https:\/\/cambraterrassa.org\/wp-content\/uploads\/2025\/09\/WhatsApp-Image-2023-10-10-at-14.34.07.webp\" \/>\n\t<meta property=\"og:image:width\" content=\"2048\" \/>\n\t<meta property=\"og:image:height\" content=\"1536\" \/>\n\t<meta property=\"og:image:type\" content=\"image\/webp\" \/>\n<meta name=\"author\" content=\"Cambra Comer\u00e7 de Terrassa\" \/>\n<meta name=\"twitter:card\" content=\"summary_large_image\" \/>\n<meta name=\"twitter:label1\" content=\"Escrito por\" \/>\n\t<meta name=\"twitter:data1\" content=\"Cambra Comer\u00e7 de Terrassa\" \/>\n\t<meta name=\"twitter:label2\" content=\"Tiempo de lectura\" \/>\n\t<meta name=\"twitter:data2\" content=\"4 minutos\" \/>\n<script type=\"application\/ld+json\" class=\"yoast-schema-graph\">{\"@context\":\"https:\\\/\\\/schema.org\",\"@graph\":[{\"@type\":\"Article\",\"@id\":\"https:\\\/\\\/cambraterrassa.org\\\/terrassa-acull-experts-de-vuit-paisos-europeus-del-projecte-eulep\\\/#article\",\"isPartOf\":{\"@id\":\"https:\\\/\\\/cambraterrassa.org\\\/terrassa-acull-experts-de-vuit-paisos-europeus-del-projecte-eulep\\\/\"},\"author\":{\"name\":\"Cambra Comer\u00e7 de Terrassa\",\"@id\":\"https:\\\/\\\/cambraterrassa.org\\\/#\\\/schema\\\/person\\\/0bc07fb0860401623e478b0d7affcf74\"},\"headline\":\"Terrassa acoge a los expertos de ocho pa\u00edses europeos del proyecto EULEP para la formaci\u00f3n empresarial en digitalizaci\u00f3n avanzada\",\"datePublished\":\"2025-09-15T14:33:25+00:00\",\"dateModified\":\"2026-03-05T10:47:46+00:00\",\"mainEntityOfPage\":{\"@id\":\"https:\\\/\\\/cambraterrassa.org\\\/terrassa-acull-experts-de-vuit-paisos-europeus-del-projecte-eulep\\\/\"},\"wordCount\":667,\"image\":{\"@id\":\"https:\\\/\\\/cambraterrassa.org\\\/terrassa-acull-experts-de-vuit-paisos-europeus-del-projecte-eulep\\\/#primaryimage\"},\"thumbnailUrl\":\"https:\\\/\\\/cambraterrassa.org\\\/wp-content\\\/uploads\\\/2025\\\/09\\\/WhatsApp-Image-2023-10-10-at-14.34.07.webp\",\"articleSection\":[\"Noticias Cambra\"],\"inLanguage\":\"es\"},{\"@type\":\"WebPage\",\"@id\":\"https:\\\/\\\/cambraterrassa.org\\\/terrassa-acull-experts-de-vuit-paisos-europeus-del-projecte-eulep\\\/\",\"url\":\"https:\\\/\\\/cambraterrassa.org\\\/terrassa-acull-experts-de-vuit-paisos-europeus-del-projecte-eulep\\\/\",\"name\":\"Terrassa acoge a los expertos de ocho pa\u00edses europeos del proyecto EULEP para la formaci\u00f3n empresarial en digitalizaci\u00f3n avanzada - Cambra de Comer\u00e7 de Terrassa\",\"isPartOf\":{\"@id\":\"https:\\\/\\\/cambraterrassa.org\\\/#website\"},\"primaryImageOfPage\":{\"@id\":\"https:\\\/\\\/cambraterrassa.org\\\/terrassa-acull-experts-de-vuit-paisos-europeus-del-projecte-eulep\\\/#primaryimage\"},\"image\":{\"@id\":\"https:\\\/\\\/cambraterrassa.org\\\/terrassa-acull-experts-de-vuit-paisos-europeus-del-projecte-eulep\\\/#primaryimage\"},\"thumbnailUrl\":\"https:\\\/\\\/cambraterrassa.org\\\/wp-content\\\/uploads\\\/2025\\\/09\\\/WhatsApp-Image-2023-10-10-at-14.34.07.webp\",\"datePublished\":\"2025-09-15T14:33:25+00:00\",\"dateModified\":\"2026-03-05T10:47:46+00:00\",\"author\":{\"@id\":\"https:\\\/\\\/cambraterrassa.org\\\/#\\\/schema\\\/person\\\/0bc07fb0860401623e478b0d7affcf74\"},\"description\":\"Terrassa acull el projecte EULEP Terrassa, amb experts de vuit pa\u00efsos que impulsen la formaci\u00f3 empresarial en digitalitzaci\u00f3 avan\u00e7ada\",\"breadcrumb\":{\"@id\":\"https:\\\/\\\/cambraterrassa.org\\\/terrassa-acull-experts-de-vuit-paisos-europeus-del-projecte-eulep\\\/#breadcrumb\"},\"inLanguage\":\"es\",\"potentialAction\":[{\"@type\":\"ReadAction\",\"target\":[\"https:\\\/\\\/cambraterrassa.org\\\/terrassa-acull-experts-de-vuit-paisos-europeus-del-projecte-eulep\\\/\"]}]},{\"@type\":\"ImageObject\",\"inLanguage\":\"es\",\"@id\":\"https:\\\/\\\/cambraterrassa.org\\\/terrassa-acull-experts-de-vuit-paisos-europeus-del-projecte-eulep\\\/#primaryimage\",\"url\":\"https:\\\/\\\/cambraterrassa.org\\\/wp-content\\\/uploads\\\/2025\\\/09\\\/WhatsApp-Image-2023-10-10-at-14.34.07.webp\",\"contentUrl\":\"https:\\\/\\\/cambraterrassa.org\\\/wp-content\\\/uploads\\\/2025\\\/09\\\/WhatsApp-Image-2023-10-10-at-14.34.07.webp\",\"width\":2048,\"height\":1536},{\"@type\":\"BreadcrumbList\",\"@id\":\"https:\\\/\\\/cambraterrassa.org\\\/terrassa-acull-experts-de-vuit-paisos-europeus-del-projecte-eulep\\\/#breadcrumb\",\"itemListElement\":[{\"@type\":\"ListItem\",\"position\":1,\"name\":\"Inici\",\"item\":\"https:\\\/\\\/cambraterrassa.org\\\/\"},{\"@type\":\"ListItem\",\"position\":2,\"name\":\"Terrassa acoge a los expertos de ocho pa\u00edses europeos del proyecto EULEP para la formaci\u00f3n empresarial en digitalizaci\u00f3n avanzada\"}]},{\"@type\":\"WebSite\",\"@id\":\"https:\\\/\\\/cambraterrassa.org\\\/#website\",\"url\":\"https:\\\/\\\/cambraterrassa.org\\\/\",\"name\":\"Cambra de Comer\u00e7 de Terrassa\",\"description\":\"\",\"potentialAction\":[{\"@type\":\"SearchAction\",\"target\":{\"@type\":\"EntryPoint\",\"urlTemplate\":\"https:\\\/\\\/cambraterrassa.org\\\/?s={search_term_string}\"},\"query-input\":{\"@type\":\"PropertyValueSpecification\",\"valueRequired\":true,\"valueName\":\"search_term_string\"}}],\"inLanguage\":\"es\"},{\"@type\":\"Person\",\"@id\":\"https:\\\/\\\/cambraterrassa.org\\\/#\\\/schema\\\/person\\\/0bc07fb0860401623e478b0d7affcf74\",\"name\":\"Cambra Comer\u00e7 de Terrassa\",\"image\":{\"@type\":\"ImageObject\",\"inLanguage\":\"es\",\"@id\":\"https:\\\/\\\/cambraterrassa.org\\\/wp-content\\\/litespeed\\\/avatar\\\/8add9977fa63207228a0c4a26e142cd7.jpg?ver=1777039958\",\"url\":\"https:\\\/\\\/cambraterrassa.org\\\/wp-content\\\/litespeed\\\/avatar\\\/8add9977fa63207228a0c4a26e142cd7.jpg?ver=1777039958\",\"contentUrl\":\"https:\\\/\\\/cambraterrassa.org\\\/wp-content\\\/litespeed\\\/avatar\\\/8add9977fa63207228a0c4a26e142cd7.jpg?ver=1777039958\",\"caption\":\"Cambra Comer\u00e7 de Terrassa\"},\"url\":\"https:\\\/\\\/cambraterrassa.org\\\/es\\\/author\\\/paula\\\/\"}]}<\/script>","yoast_head_json":{"title":"Terrassa acoge a los expertos de ocho pa\u00edses europeos del proyecto EULEP para la formaci\u00f3n empresarial en digitalizaci\u00f3n avanzada - Cambra de Comer\u00e7 de Terrassa","description":"Terrassa acull el projecte EULEP Terrassa, amb experts de vuit pa\u00efsos que impulsen la formaci\u00f3 empresarial en digitalitzaci\u00f3 avan\u00e7ada","robots":{"index":"index","follow":"follow","max-snippet":"max-snippet:-1","max-image-preview":"max-image-preview:large","max-video-preview":"max-video-preview:-1"},"canonical":"https:\/\/cambraterrassa.org\/es\/wp-json\/wp\/v2\/posts\/52447\/","og_locale":"es_ES","og_type":"article","og_title":"Terrassa acoge a los expertos de ocho pa\u00edses europeos del proyecto EULEP para la formaci\u00f3n empresarial en digitalizaci\u00f3n avanzada - Cambra de Comer\u00e7 de Terrassa","og_description":"Terrassa acull el projecte EULEP Terrassa, amb experts de vuit pa\u00efsos que impulsen la formaci\u00f3 empresarial en digitalitzaci\u00f3 avan\u00e7ada","og_url":"https:\/\/cambraterrassa.org\/terrassa-acull-experts-de-vuit-paisos-europeus-del-projecte-eulep\/","og_site_name":"Cambra de Comer\u00e7 de Terrassa","article_published_time":"2025-09-15T14:33:25+00:00","article_modified_time":"2026-03-05T10:47:46+00:00","og_image":[{"width":2048,"height":1536,"url":"https:\/\/cambraterrassa.org\/wp-content\/uploads\/2025\/09\/WhatsApp-Image-2023-10-10-at-14.34.07.webp","type":"image\/webp"}],"author":"Cambra Comer\u00e7 de Terrassa","twitter_card":"summary_large_image","twitter_misc":{"Escrito por":"Cambra Comer\u00e7 de Terrassa","Tiempo de lectura":"4 minutos"},"schema":{"@context":"https:\/\/schema.org","@graph":[{"@type":"Article","@id":"https:\/\/cambraterrassa.org\/terrassa-acull-experts-de-vuit-paisos-europeus-del-projecte-eulep\/#article","isPartOf":{"@id":"https:\/\/cambraterrassa.org\/terrassa-acull-experts-de-vuit-paisos-europeus-del-projecte-eulep\/"},"author":{"name":"Cambra Comer\u00e7 de Terrassa","@id":"https:\/\/cambraterrassa.org\/#\/schema\/person\/0bc07fb0860401623e478b0d7affcf74"},"headline":"Terrassa acoge a los expertos de ocho pa\u00edses europeos del proyecto EULEP para la formaci\u00f3n empresarial en digitalizaci\u00f3n avanzada","datePublished":"2025-09-15T14:33:25+00:00","dateModified":"2026-03-05T10:47:46+00:00","mainEntityOfPage":{"@id":"https:\/\/cambraterrassa.org\/terrassa-acull-experts-de-vuit-paisos-europeus-del-projecte-eulep\/"},"wordCount":667,"image":{"@id":"https:\/\/cambraterrassa.org\/terrassa-acull-experts-de-vuit-paisos-europeus-del-projecte-eulep\/#primaryimage"},"thumbnailUrl":"https:\/\/cambraterrassa.org\/wp-content\/uploads\/2025\/09\/WhatsApp-Image-2023-10-10-at-14.34.07.webp","articleSection":["Noticias Cambra"],"inLanguage":"es"},{"@type":"WebPage","@id":"https:\/\/cambraterrassa.org\/terrassa-acull-experts-de-vuit-paisos-europeus-del-projecte-eulep\/","url":"https:\/\/cambraterrassa.org\/terrassa-acull-experts-de-vuit-paisos-europeus-del-projecte-eulep\/","name":"Terrassa acoge a los expertos de ocho pa\u00edses europeos del proyecto EULEP para la formaci\u00f3n empresarial en digitalizaci\u00f3n avanzada - Cambra de Comer\u00e7 de Terrassa","isPartOf":{"@id":"https:\/\/cambraterrassa.org\/#website"},"primaryImageOfPage":{"@id":"https:\/\/cambraterrassa.org\/terrassa-acull-experts-de-vuit-paisos-europeus-del-projecte-eulep\/#primaryimage"},"image":{"@id":"https:\/\/cambraterrassa.org\/terrassa-acull-experts-de-vuit-paisos-europeus-del-projecte-eulep\/#primaryimage"},"thumbnailUrl":"https:\/\/cambraterrassa.org\/wp-content\/uploads\/2025\/09\/WhatsApp-Image-2023-10-10-at-14.34.07.webp","datePublished":"2025-09-15T14:33:25+00:00","dateModified":"2026-03-05T10:47:46+00:00","author":{"@id":"https:\/\/cambraterrassa.org\/#\/schema\/person\/0bc07fb0860401623e478b0d7affcf74"},"description":"Terrassa acull el projecte EULEP Terrassa, amb experts de vuit pa\u00efsos que impulsen la formaci\u00f3 empresarial en digitalitzaci\u00f3 avan\u00e7ada","breadcrumb":{"@id":"https:\/\/cambraterrassa.org\/terrassa-acull-experts-de-vuit-paisos-europeus-del-projecte-eulep\/#breadcrumb"},"inLanguage":"es","potentialAction":[{"@type":"ReadAction","target":["https:\/\/cambraterrassa.org\/terrassa-acull-experts-de-vuit-paisos-europeus-del-projecte-eulep\/"]}]},{"@type":"ImageObject","inLanguage":"es","@id":"https:\/\/cambraterrassa.org\/terrassa-acull-experts-de-vuit-paisos-europeus-del-projecte-eulep\/#primaryimage","url":"https:\/\/cambraterrassa.org\/wp-content\/uploads\/2025\/09\/WhatsApp-Image-2023-10-10-at-14.34.07.webp","contentUrl":"https:\/\/cambraterrassa.org\/wp-content\/uploads\/2025\/09\/WhatsApp-Image-2023-10-10-at-14.34.07.webp","width":2048,"height":1536},{"@type":"BreadcrumbList","@id":"https:\/\/cambraterrassa.org\/terrassa-acull-experts-de-vuit-paisos-europeus-del-projecte-eulep\/#breadcrumb","itemListElement":[{"@type":"ListItem","position":1,"name":"Inici","item":"https:\/\/cambraterrassa.org\/"},{"@type":"ListItem","position":2,"name":"Terrassa acoge a los expertos de ocho pa\u00edses europeos del proyecto EULEP para la formaci\u00f3n empresarial en digitalizaci\u00f3n avanzada"}]},{"@type":"WebSite","@id":"https:\/\/cambraterrassa.org\/#website","url":"https:\/\/cambraterrassa.org\/","name":"Cambra de Comer\u00e7 de Terrassa","description":"","potentialAction":[{"@type":"SearchAction","target":{"@type":"EntryPoint","urlTemplate":"https:\/\/cambraterrassa.org\/?s={search_term_string}"},"query-input":{"@type":"PropertyValueSpecification","valueRequired":true,"valueName":"search_term_string"}}],"inLanguage":"es"},{"@type":"Person","@id":"https:\/\/cambraterrassa.org\/#\/schema\/person\/0bc07fb0860401623e478b0d7affcf74","name":"Cambra Comer\u00e7 de Terrassa","image":{"@type":"ImageObject","inLanguage":"es","@id":"https:\/\/cambraterrassa.org\/wp-content\/litespeed\/avatar\/8add9977fa63207228a0c4a26e142cd7.jpg?ver=1777039958","url":"https:\/\/cambraterrassa.org\/wp-content\/litespeed\/avatar\/8add9977fa63207228a0c4a26e142cd7.jpg?ver=1777039958","contentUrl":"https:\/\/cambraterrassa.org\/wp-content\/litespeed\/avatar\/8add9977fa63207228a0c4a26e142cd7.jpg?ver=1777039958","caption":"Cambra Comer\u00e7 de Terrassa"},"url":"https:\/\/cambraterrassa.org\/es\/author\/paula\/"}]}},"_links":{"self":[{"href":"https:\/\/cambraterrassa.org\/es\/wp-json\/wp\/v2\/posts\/52447","targetHints":{"allow":["GET"]}}],"collection":[{"href":"https:\/\/cambraterrassa.org\/es\/wp-json\/wp\/v2\/posts"}],"about":[{"href":"https:\/\/cambraterrassa.org\/es\/wp-json\/wp\/v2\/types\/post"}],"author":[{"embeddable":true,"href":"https:\/\/cambraterrassa.org\/es\/wp-json\/wp\/v2\/users\/4"}],"replies":[{"embeddable":true,"href":"https:\/\/cambraterrassa.org\/es\/wp-json\/wp\/v2\/comments?post=52447"}],"version-history":[{"count":0,"href":"https:\/\/cambraterrassa.org\/es\/wp-json\/wp\/v2\/posts\/52447\/revisions"}],"wp:featuredmedia":[{"embeddable":true,"href":"https:\/\/cambraterrassa.org\/es\/wp-json\/wp\/v2\/media\/46044"}],"wp:attachment":[{"href":"https:\/\/cambraterrassa.org\/es\/wp-json\/wp\/v2\/media?parent=52447"}],"wp:term":[{"taxonomy":"category","embeddable":true,"href":"https:\/\/cambraterrassa.org\/es\/wp-json\/wp\/v2\/categories?post=52447"},{"taxonomy":"post_tag","embeddable":true,"href":"https:\/\/cambraterrassa.org\/es\/wp-json\/wp\/v2\/tags?post=52447"}],"curies":[{"name":"wp","href":"https:\/\/api.w.org\/{rel}","templated":true}]}}