{"id":52435,"date":"2025-10-22T15:13:46","date_gmt":"2025-10-22T13:13:46","guid":{"rendered":"https:\/\/cambraterrassa.org\/cambra-terrassa-cal-coneixer-i-justificar-lorigen-de-les-mercaderies-en-les-exportacions\/"},"modified":"2026-03-10T10:31:49","modified_gmt":"2026-03-10T09:31:49","slug":"la-camara-de-comercio-de-terrassa-alerta-es-necesario-conocer-y-justificar-con-rigor-el-origen-de-las-mercancias-en-las-exportaciones","status":"publish","type":"post","link":"https:\/\/cambraterrassa.org\/es\/la-camara-de-comercio-de-terrassa-alerta-es-necesario-conocer-y-justificar-con-rigor-el-origen-de-las-mercancias-en-las-exportaciones\/","title":{"rendered":"La C\u00e1mara de Comercio de Terrassa alerta: \u201cEs necesario conocer y justificar con rigor el origen de las mercanc\u00edas en las exportaciones\u201d"},"content":{"rendered":"\t\t<div data-elementor-type=\"wp-post\" data-elementor-id=\"52435\" class=\"elementor elementor-52435 elementor-47125\" data-elementor-post-type=\"post\">\n\t\t\t\t<div class=\"elementor-element elementor-element-5d1251b6 e-flex e-con-boxed e-con e-parent\" data-id=\"5d1251b6\" data-element_type=\"container\" data-e-type=\"container\">\n\t\t\t\t\t<div class=\"e-con-inner\">\n\t\t\t\t<div class=\"elementor-element elementor-element-2baa71cd elementor-widget elementor-widget-text-editor\" data-id=\"2baa71cd\" data-element_type=\"widget\" data-e-type=\"widget\" data-widget_type=\"text-editor.default\">\n\t\t\t\t<div class=\"elementor-widget-container\">\n\t\t\t\t\t\t\t\t\t<h5 class=\"wp-block-heading\" style=\"text-align: center;\"><span style=\"color: #000000;\">Comercio Internacional<\/span><\/h5><h1 class=\"wp-block-heading\" style=\"text-align: center;\">La C\u00e1mara de Comercio de Terrassa alerta:<br \/>\u201cEs necesario conocer y justificar con rigor el origen de las mercanc\u00edas en las exportaciones\u201d<\/h1>\t\t\t\t\t\t\t\t<\/div>\n\t\t\t\t<\/div>\n\t\t\t\t<div class=\"elementor-element elementor-element-cec7776 elementor-widget elementor-widget-image\" data-id=\"cec7776\" data-element_type=\"widget\" data-e-type=\"widget\" data-widget_type=\"image.default\">\n\t\t\t\t<div class=\"elementor-widget-container\">\n\t\t\t\t\t\t\t\t\t\t\t\t\t\t\t<img fetchpriority=\"high\" decoding=\"async\" width=\"768\" height=\"512\" src=\"https:\/\/cambraterrassa.org\/wp-content\/uploads\/2025\/10\/o2ozimt4bqfTqFxZZ_prwtuWmADS-dsc01363-768x512.webp\" class=\"attachment-medium_large size-medium_large wp-image-47131\" alt=\"\" srcset=\"https:\/\/cambraterrassa.org\/wp-content\/uploads\/2025\/10\/o2ozimt4bqfTqFxZZ_prwtuWmADS-dsc01363-768x512.webp 768w, https:\/\/cambraterrassa.org\/wp-content\/uploads\/2025\/10\/o2ozimt4bqfTqFxZZ_prwtuWmADS-dsc01363-300x200.webp 300w, https:\/\/cambraterrassa.org\/wp-content\/uploads\/2025\/10\/o2ozimt4bqfTqFxZZ_prwtuWmADS-dsc01363-1024x683.webp 1024w, https:\/\/cambraterrassa.org\/wp-content\/uploads\/2025\/10\/o2ozimt4bqfTqFxZZ_prwtuWmADS-dsc01363-1536x1024.webp 1536w, https:\/\/cambraterrassa.org\/wp-content\/uploads\/2025\/10\/o2ozimt4bqfTqFxZZ_prwtuWmADS-dsc01363-2048x1365.webp 2048w, https:\/\/cambraterrassa.org\/wp-content\/uploads\/2025\/10\/o2ozimt4bqfTqFxZZ_prwtuWmADS-dsc01363-600x400.webp 600w\" sizes=\"(max-width: 768px) 100vw, 768px\" \/>\t\t\t\t\t\t\t\t\t\t\t\t\t\t\t<\/div>\n\t\t\t\t<\/div>\n\t\t\t\t<div class=\"elementor-element elementor-element-20baaab elementor-widget elementor-widget-spacer\" data-id=\"20baaab\" data-element_type=\"widget\" data-e-type=\"widget\" data-widget_type=\"spacer.default\">\n\t\t\t\t<div class=\"elementor-widget-container\">\n\t\t\t\t\t\t\t<div class=\"elementor-spacer\">\n\t\t\t<div class=\"elementor-spacer-inner\"><\/div>\n\t\t<\/div>\n\t\t\t\t\t\t<\/div>\n\t\t\t\t<\/div>\n\t\t\t\t<div class=\"elementor-element elementor-element-c7313c5 elementor-widget elementor-widget-text-editor\" data-id=\"c7313c5\" data-element_type=\"widget\" data-e-type=\"widget\" data-widget_type=\"text-editor.default\">\n\t\t\t\t<div class=\"elementor-widget-container\">\n\t\t\t\t\t\t\t\t\t<p class=\"wp-block-heading\"><span style=\"font-size: 16px;\"><span dir=\"auto\" style=\"vertical-align: inherit;\"><span dir=\"auto\" style=\"vertical-align: inherit;\">Terrassa, 22 de octubre de 2025. \u2013 Representantes de una veintena de empresas exportadoras de la demarcaci\u00f3n han participado en la sesi\u00f3n informativa titulada \u00bb <\/span><\/span><\/span><strong style=\"font-size: 16px;\"><span dir=\"auto\" style=\"vertical-align: inherit;\"><span dir=\"auto\" style=\"vertical-align: inherit;\">Comercio internacional bajo presi\u00f3n. Aranceles y guerras comerciales: por qu\u00e9 el origen de las mercanc\u00edas importa m\u00e1s que nunca\u00bb, <\/span><\/span><\/strong><span style=\"font-size: 16px;\"><span dir=\"auto\" style=\"vertical-align: inherit;\"><span dir=\"auto\" style=\"vertical-align: inherit;\">celebrada hoy martes en la sede de la C\u00e1mara de Comercio de Terrassa. La convocatoria ha servido para poner el acento en la importancia de conocer y documentar correctamente el origen de las mercanc\u00edas en las operaciones de comercio exterior desde la Uni\u00f3n Europea a pa\u00edses extracomunitarios.<\/span><\/span><\/span><\/p><p class=\"wp-block-heading\"><span style=\"background-color: transparent; font-style: inherit; font-weight: inherit;\"><span dir=\"auto\" style=\"vertical-align: inherit;\"><span dir=\"auto\" style=\"vertical-align: inherit;\">La sesi\u00f3n ha sido organizada conjuntamente por los servicios de comercio internacional de las C\u00e1maras de Comercio de Terrassa y Sabadell, y ha contado con los asesoras en esta materia de ambas corporaciones: Daniel Gonz\u00e1lez y Laura Rodr\u00edguez, respectivamente.<\/span><\/span><\/span><\/p><p class=\"wp-block-heading\">Los expertos han alertado de que el origen de muchos productos europeos se encuentra bajo sospita en los mercados internacionales extracomunitarios. \u00bb Se est\u00e1n produciendo muchos requerimientos de la Agencia Tributaria (AEAT) que analicen empresas por declaraciones de origen incorrectas. Es necesario conocer bien el origen de la mercanc\u00eda: justificarlo correctamente es clave para mantener la competitividad y evitar problemas \u00ab, ha remarcado Daniel Gonz\u00e1lez.<\/p><p class=\"wp-block-heading\"><span dir=\"auto\" style=\"font-style: inherit; font-weight: inherit; vertical-align: inherit;\"><span dir=\"auto\" style=\"vertical-align: inherit;\"><span dir=\"auto\" style=\"vertical-align: inherit;\"><span dir=\"auto\" style=\"vertical-align: inherit;\">El responsable de Comercio Internacional de la C\u00e1mara terrassense ha recordado que las empresas europeas que exportan directa o indirectamente a Estados Unidos pueden verse afectadas por nuevos costes arancelarios de entre 15% (arancel general adicional) y 50% para determinadas mercanc\u00edas, como los productos f\u00e9rricos o farmac\u00e9uticos. En este sentido, Gonz\u00e1lez ha hecho una llamada a la prudencia y transparencia y ha alertado de los riesgos del uso de la ingenier\u00eda o creatividad para superar obst\u00e1culos aduaneros. Record\u00f3 que \u201c <\/span><\/span><\/span><\/span><em style=\"font-weight: inherit;\"><span dir=\"auto\" style=\"vertical-align: inherit;\"><span dir=\"auto\" style=\"vertical-align: inherit;\"><span dir=\"auto\" style=\"vertical-align: inherit;\"><span dir=\"auto\" style=\"vertical-align: inherit;\">no es admisible cambiar artificialmente la partida arancelaria o simular un nuevo origen\u201d,<\/span><\/span><\/span><\/span><\/em><span dir=\"auto\" style=\"font-style: inherit; font-weight: inherit; vertical-align: inherit;\"><span dir=\"auto\" style=\"vertical-align: inherit;\"><span dir=\"auto\" style=\"vertical-align: inherit;\"><span dir=\"auto\" style=\"vertical-align: inherit;\"> y recomend\u00f3 comprobar las declaraciones de los proveedores para garantizar la trazabilidad real de las materias primas, componentes y semielaborados.<\/span><\/span><\/span><\/span><\/p><p>Por su parte, Laura Rodr\u00edguez ha subrayado que \u201c las transformaciones m\u00ednimas de un producto exportado, como puede ser un simple embalaje dentro de la UE, no cambian su origen\u201d , desmontando as\u00ed mitos habituales entre exportadores. Tambi\u00e9n ha recordado que importar un producto dentro de la UE no implica autom\u00e1ticamente que sea de origen europeo: \u00bb Que se compre a proveedores europeos no acredita que la materia tenga ese origen\u00bb, ha se\u00f1alado.<\/p><p class=\"wp-block-heading\"><strong style=\"color: #e0071b; font-size: 1rem; font-style: inherit;\"><u><span dir=\"auto\" style=\"vertical-align: inherit;\"><span class=\"\" dir=\"auto\" style=\"vertical-align: inherit;\"><span dir=\"auto\" style=\"vertical-align: inherit;\"><span dir=\"auto\" style=\"vertical-align: inherit;\">Buenas pr\u00e1cticas recomendadas<\/span><\/span><\/span><\/span><\/u><\/strong><\/p><ul><li><span dir=\"auto\" style=\"vertical-align: inherit;\"><span dir=\"auto\" style=\"vertical-align: inherit;\">Realizar auditor\u00edas internas o externas de origen para revisar los criterios aplicados en las declaraciones de proveedor, LTD.<\/span><\/span><\/li><li><span dir=\"auto\" style=\"vertical-align: inherit;\"><span dir=\"auto\" style=\"vertical-align: inherit;\">Establecer protocolos de documentaci\u00f3n y justificaci\u00f3n para todos los componentes y materias primas.<\/span><\/span><\/li><li><span dir=\"auto\" style=\"vertical-align: inherit;\"><span dir=\"auto\" style=\"vertical-align: inherit;\">Designar a un responsable interno en normativa de origen y comercio internacional.<\/span><\/span><\/li><li><span dir=\"auto\" style=\"vertical-align: inherit;\"><span dir=\"auto\" style=\"vertical-align: inherit;\">Participar en formaciones peri\u00f3dicas sobre reglas de origen y acuerdos comerciales.<\/span><\/span><\/li><li><span dir=\"auto\" style=\"vertical-align: inherit;\"><span dir=\"auto\" style=\"vertical-align: inherit;\">Solicitar ayuda y consultar en la C\u00e1mara de Comercio.<\/span><\/span><\/li><\/ul><h6 class=\"wp-block-heading\"><strong><u><span dir=\"auto\" style=\"vertical-align: inherit;\"><span dir=\"auto\" style=\"vertical-align: inherit;\">M\u00e1s de 9.000 certificados legalizados<\/span><\/span><\/u><\/strong><\/h6><p><span dir=\"auto\" style=\"vertical-align: inherit;\"><span dir=\"auto\" style=\"vertical-align: inherit;\">La sesi\u00f3n ha finalizado con una formaci\u00f3n sobre la correcta emisi\u00f3n de los <\/span><\/span><strong><span dir=\"auto\" style=\"vertical-align: inherit;\"><span dir=\"auto\" style=\"vertical-align: inherit;\">Certificados de Origen No Preferenciales<\/span><\/span><\/strong><span dir=\"auto\" style=\"vertical-align: inherit;\"><span dir=\"auto\" style=\"vertical-align: inherit;\"> que legalizan las c\u00e1maras de comercio. Jordi Fortet, del equipo de gesti\u00f3n de estas tramitaciones de la C\u00e1mara de Comercio de Terrassa, ha aclarado algunos de los errores m\u00e1s frecuentes al cumplimentar esta documentaci\u00f3n esencial para el comercio internacional.<\/span><\/span><\/p><p><span style=\"background-color: transparent; font-style: inherit; font-weight: inherit;\"><span dir=\"auto\" style=\"vertical-align: inherit;\"><span dir=\"auto\" style=\"vertical-align: inherit;\">Estos certificados garantizan el origen de los productos involucrados en las operaciones comerciales, y su correcta presentaci\u00f3n y verificaci\u00f3n son necesarias para evitar sanciones, contratiempos en la aduana y retrasos en las entregas. En 2024, la C\u00e1mara de Comercio de Terrassa tramit\u00f3 9.789 legalizaciones de este tipo de certificaciones.<\/span><\/span><\/span><\/p><p><span style=\"background-color: transparent; font-style: inherit; font-weight: inherit;\">Las C\u00e1maras de Comercio de Terrassa y Sabadell colaboran por primera vez en una sesi\u00f3n espec\u00edfica dirigida a empresas exportadoras. A trav\u00e9s de esta iniciativa conjunta, se pretende sumar conocimiento y recursos para apoyar el tejido empresarial ante los retos del comercio internacional.<\/span><\/p>\t\t\t\t\t\t\t\t<\/div>\n\t\t\t\t<\/div>\n\t\t\t\t\t<\/div>\n\t\t\t\t<\/div>\n\t\t<div class=\"elementor-element elementor-element-503dc3b e-con-full e-flex e-con e-child\" data-id=\"503dc3b\" data-element_type=\"container\" data-e-type=\"container\">\n\t\t\t\t<div class=\"elementor-element elementor-element-54c1754 elementor-widget elementor-widget-spacer\" data-id=\"54c1754\" data-element_type=\"widget\" data-e-type=\"widget\" data-widget_type=\"spacer.default\">\n\t\t\t\t<div class=\"elementor-widget-container\">\n\t\t\t\t\t\t\t<div class=\"elementor-spacer\">\n\t\t\t<div class=\"elementor-spacer-inner\"><\/div>\n\t\t<\/div>\n\t\t\t\t\t\t<\/div>\n\t\t\t\t<\/div>\n\t\t\t\t<div class=\"elementor-element elementor-element-120d882 elementor-widget-divider--view-line elementor-widget elementor-widget-divider\" data-id=\"120d882\" data-element_type=\"widget\" data-e-type=\"widget\" data-widget_type=\"divider.default\">\n\t\t\t\t<div class=\"elementor-widget-container\">\n\t\t\t\t\t\t\t<div class=\"elementor-divider\">\n\t\t\t<span class=\"elementor-divider-separator\">\n\t\t\t\t\t\t<\/span>\n\t\t<\/div>\n\t\t\t\t\t\t<\/div>\n\t\t\t\t<\/div>\n\t\t\t\t<div class=\"elementor-element elementor-element-8bc2479 elementor-widget elementor-widget-text-editor\" data-id=\"8bc2479\" data-element_type=\"widget\" data-e-type=\"widget\" data-widget_type=\"text-editor.default\">\n\t\t\t\t<div class=\"elementor-widget-container\">\n\t\t\t\t\t\t\t\t\t<ul><li data-start=\"128\" data-end=\"482\"><a href=\"https:\/\/eur04.safelinks.protection.outlook.com\/?url=https%3A%2F%2Fwww.diarideterrassa.com%2Feconomia%2Fla-cambra-de-comerc-de-terrassa-alerta-la-tracabilitat-es-clau-cal-coneixer-i-justificar-amb-rigor-lorigen-de-les-mercaderies.html&amp;data=05%7C02%7Ccomunicacio%40cambraterrassa.org%7C215f6bae8d3c4d2c8d8408de12022b17%7C473ba6e56ec64ed5bbb7fbd965bcde5c%7C0%7C0%7C638967997683301468%7CUnknown%7CTWFpbGZsb3d8eyJFbXB0eU1hcGkiOnRydWUsIlYiOiIwLjAuMDAwMCIsIlAiOiJXaW4zMiIsIkFOIjoiTWFpbCIsIldUIjoyfQ%3D%3D%7C0%7C%7C%7C&amp;sdata=Z19qIRfx2SYe%2BgrdmoN2NEmnGuy0xHc2%2FiwTklByvWs%3D&amp;reserved=0\" target=\"_blank\" rel=\"noopener\"><strong data-start=\"128\" data-end=\"149\">Diari de Terrassa<\/strong> | La Cambra de Comer\u00e7 de Terrassa alerta: \u201cLa tra\u00e7abilitat \u00e9s clau: cal con\u00e8ixer i justificar amb rigor l\u2019origen de les mercaderies\u201d<\/a><\/li><li data-start=\"484\" data-end=\"761\"><a href=\"https:\/\/eur04.safelinks.protection.outlook.com\/?url=https%3A%2F%2Fwww.europapress.es%2Fcatalunya%2Fnoticia-camaras-terrassa-sabadell-barcelona-instan-controlar-origen-exportaciones-20251022133710.html&amp;data=05%7C02%7Ccomunicacio%40cambraterrassa.org%7C8daec3a2412941735a6d08de12372d56%7C473ba6e56ec64ed5bbb7fbd965bcde5c%7C0%7C0%7C638968225474947097%7CUnknown%7CTWFpbGZsb3d8eyJFbXB0eU1hcGkiOnRydWUsIlYiOiIwLjAuMDAwMCIsIlAiOiJXaW4zMiIsIkFOIjoiTWFpbCIsIldUIjoyfQ%3D%3D%7C0%7C%7C%7C&amp;sdata=g%2BSAlTvGfHxDntdOmw6dH9%2BIykq%2FLw3Hi2aCpKZXEps%3D&amp;reserved=0\" target=\"_blank\" rel=\"noopener\"><strong data-start=\"484\" data-end=\"500\">Europa Press<\/strong> | Las c\u00e1maras de Terrassa y Sabadell (Barcelona) instan a controlar el origen de las exportaciones<\/a><\/li><li data-start=\"763\" data-end=\"1052\"><a href=\"https:\/\/eur04.safelinks.protection.outlook.com\/?url=http%3A%2F%2Fwww.gentedigital.es%2Fcatalunya%2Fnoticia%2F4180253%2Flas-camaras-de-terrassa-y-sabadell-barcelona-instan-a-controlar-el-origen-de-las-exportaciones%2F&amp;data=05%7C02%7Ccomunicacio%40cambraterrassa.org%7C8daec3a2412941735a6d08de12372d56%7C473ba6e56ec64ed5bbb7fbd965bcde5c%7C0%7C0%7C638968225474973325%7CUnknown%7CTWFpbGZsb3d8eyJFbXB0eU1hcGkiOnRydWUsIlYiOiIwLjAuMDAwMCIsIlAiOiJXaW4zMiIsIkFOIjoiTWFpbCIsIldUIjoyfQ%3D%3D%7C0%7C%7C%7C&amp;sdata=J86tRCCREiKNGJlpnncqFuxn8FZZuZHtxLh2HFCRMd0%3D&amp;reserved=0\" target=\"_blank\" rel=\"noopener\"><strong data-start=\"763\" data-end=\"780\">Gente Digital<\/strong> | Las C\u00e1maras de Terrassa y Sabadell (Barcelona) instan a controlar el origen de las exportaciones<\/a><\/li><li data-start=\"1054\" data-end=\"1301\"><a href=\"https:\/\/eur04.safelinks.protection.outlook.com\/?url=https%3A%2F%2Fterrassadigital.cat%2Fla-cambra-de-comerc-alerta-sobre-els-riscos-de-falsejar-lorigen-de-les-exportacions%2F&amp;data=05%7C02%7Ccomunicacio%40cambraterrassa.org%7C215f6bae8d3c4d2c8d8408de12022b17%7C473ba6e56ec64ed5bbb7fbd965bcde5c%7C0%7C0%7C638967997683343923%7CUnknown%7CTWFpbGZsb3d8eyJFbXB0eU1hcGkiOnRydWUsIlYiOiIwLjAuMDAwMCIsIlAiOiJXaW4zMiIsIkFOIjoiTWFpbCIsIldUIjoyfQ%3D%3D%7C0%7C%7C%7C&amp;sdata=rnEnUwfMv24aQG%2BYKZMIExbuJ5ZdZo6P2GlZjaigHNE%3D&amp;reserved=0\" target=\"_blank\" rel=\"noopener\"><strong data-start=\"1054\" data-end=\"1073\">TerrassaDigital<\/strong> | La Cambra de Comer\u00e7 alerta sobre els riscos de falsejar l\u2019origen de les exportacions<\/a><\/li><\/ul>\t\t\t\t\t\t\t\t<\/div>\n\t\t\t\t<\/div>\n\t\t\t\t<\/div>\n\t\t\t\t<\/div>\n\t\t","protected":false},"excerpt":{"rendered":"<p>Comercio Internacional La C\u00e1mara de Comercio de Terrassa alerta:\u201cEs necesario conocer y justificar con rigor el origen de las mercanc\u00edas en las exportaciones\u201d Terrassa, 22 de octubre de 2025. \u2013 [&hellip;]<\/p>\n","protected":false},"author":4,"featured_media":47131,"comment_status":"closed","ping_status":"open","sticky":false,"template":"","format":"standard","meta":{"_acf_changed":false,"site-sidebar-layout":"default","site-content-layout":"","ast-site-content-layout":"default","site-content-style":"default","site-sidebar-style":"default","ast-global-header-display":"","ast-banner-title-visibility":"","ast-main-header-display":"","ast-hfb-above-header-display":"","ast-hfb-below-header-display":"","ast-hfb-mobile-header-display":"","site-post-title":"","ast-breadcrumbs-content":"","ast-featured-img":"","footer-sml-layout":"","ast-disable-related-posts":"","theme-transparent-header-meta":"","adv-header-id-meta":"","stick-header-meta":"","header-above-stick-meta":"","header-main-stick-meta":"","header-below-stick-meta":"","astra-migrate-meta-layouts":"default","ast-page-background-enabled":"default","ast-page-background-meta":{"desktop":{"background-color":"var(--ast-global-color-4)","background-image":"","background-repeat":"repeat","background-position":"center center","background-size":"auto","background-attachment":"scroll","background-type":"","background-media":"","overlay-type":"","overlay-color":"","overlay-opacity":"","overlay-gradient":""},"tablet":{"background-color":"","background-image":"","background-repeat":"repeat","background-position":"center center","background-size":"auto","background-attachment":"scroll","background-type":"","background-media":"","overlay-type":"","overlay-color":"","overlay-opacity":"","overlay-gradient":""},"mobile":{"background-color":"","background-image":"","background-repeat":"repeat","background-position":"center center","background-size":"auto","background-attachment":"scroll","background-type":"","background-media":"","overlay-type":"","overlay-color":"","overlay-opacity":"","overlay-gradient":""}},"ast-content-background-meta":{"desktop":{"background-color":"var(--ast-global-color-5)","background-image":"","background-repeat":"repeat","background-position":"center center","background-size":"auto","background-attachment":"scroll","background-type":"","background-media":"","overlay-type":"","overlay-color":"","overlay-opacity":"","overlay-gradient":""},"tablet":{"background-color":"var(--ast-global-color-5)","background-image":"","background-repeat":"repeat","background-position":"center center","background-size":"auto","background-attachment":"scroll","background-type":"","background-media":"","overlay-type":"","overlay-color":"","overlay-opacity":"","overlay-gradient":""},"mobile":{"background-color":"var(--ast-global-color-5)","background-image":"","background-repeat":"repeat","background-position":"center center","background-size":"auto","background-attachment":"scroll","background-type":"","background-media":"","overlay-type":"","overlay-color":"","overlay-opacity":"","overlay-gradient":""}},"footnotes":""},"categories":[158],"tags":[],"class_list":["post-52435","post","type-post","status-publish","format-standard","has-post-thumbnail","hentry","category-noticias-cambra"],"acf":[],"yoast_head":"<title>La C\u00e1mara de Comercio de Terrassa alerta: \u201cEs necesario conocer y justificar con rigor el origen de las mercanc\u00edas en las exportaciones\u201d - Cambra de Comer\u00e7 de Terrassa<\/title>\n<meta name=\"robots\" content=\"index, follow, max-snippet:-1, max-image-preview:large, max-video-preview:-1\" \/>\n<link rel=\"canonical\" href=\"https:\/\/cambraterrassa.org\/es\/wp-json\/wp\/v2\/posts\/52435\/\" \/>\n<meta property=\"og:locale\" content=\"es_ES\" \/>\n<meta property=\"og:type\" content=\"article\" \/>\n<meta property=\"og:title\" content=\"La C\u00e1mara de Comercio de Terrassa alerta: \u201cEs necesario conocer y justificar con rigor el origen de las mercanc\u00edas en las exportaciones\u201d - Cambra de Comer\u00e7 de Terrassa\" \/>\n<meta property=\"og:description\" content=\"Comercio Internacional La C\u00e1mara de Comercio de Terrassa alerta:\u201cEs necesario conocer y justificar con rigor el origen de las mercanc\u00edas en las exportaciones\u201d Terrassa, 22 de octubre de 2025. \u2013 [&hellip;]\" \/>\n<meta property=\"og:url\" content=\"https:\/\/cambraterrassa.org\/cambra-terrassa-cal-coneixer-i-justificar-lorigen-de-les-mercaderies-en-les-exportacions\/\" \/>\n<meta property=\"og:site_name\" content=\"Cambra de Comer\u00e7 de Terrassa\" \/>\n<meta property=\"article:published_time\" content=\"2025-10-22T13:13:46+00:00\" \/>\n<meta property=\"article:modified_time\" content=\"2026-03-10T09:31:49+00:00\" \/>\n<meta property=\"og:image\" content=\"https:\/\/cambraterrassa.org\/wp-content\/uploads\/2025\/10\/o2ozimt4bqfTqFxZZ_prwtuWmADS-dsc01363-scaled.webp\" \/>\n\t<meta property=\"og:image:width\" content=\"2560\" \/>\n\t<meta property=\"og:image:height\" content=\"1707\" \/>\n\t<meta property=\"og:image:type\" content=\"image\/webp\" \/>\n<meta name=\"author\" content=\"Cambra Comer\u00e7 de Terrassa\" \/>\n<meta name=\"twitter:card\" content=\"summary_large_image\" \/>\n<meta name=\"twitter:label1\" content=\"Escrito por\" \/>\n\t<meta name=\"twitter:data1\" content=\"Cambra Comer\u00e7 de Terrassa\" \/>\n\t<meta name=\"twitter:label2\" content=\"Tiempo de lectura\" \/>\n\t<meta name=\"twitter:data2\" content=\"4 minutos\" \/>\n<script type=\"application\/ld+json\" class=\"yoast-schema-graph\">{\"@context\":\"https:\\\/\\\/schema.org\",\"@graph\":[{\"@type\":\"Article\",\"@id\":\"https:\\\/\\\/cambraterrassa.org\\\/cambra-terrassa-cal-coneixer-i-justificar-lorigen-de-les-mercaderies-en-les-exportacions\\\/#article\",\"isPartOf\":{\"@id\":\"https:\\\/\\\/cambraterrassa.org\\\/cambra-terrassa-cal-coneixer-i-justificar-lorigen-de-les-mercaderies-en-les-exportacions\\\/\"},\"author\":{\"name\":\"Cambra Comer\u00e7 de Terrassa\",\"@id\":\"https:\\\/\\\/cambraterrassa.org\\\/#\\\/schema\\\/person\\\/0bc07fb0860401623e478b0d7affcf74\"},\"headline\":\"La C\u00e1mara de Comercio de Terrassa alerta: \u201cEs necesario conocer y justificar con rigor el origen de las mercanc\u00edas en las exportaciones\u201d\",\"datePublished\":\"2025-10-22T13:13:46+00:00\",\"dateModified\":\"2026-03-10T09:31:49+00:00\",\"mainEntityOfPage\":{\"@id\":\"https:\\\/\\\/cambraterrassa.org\\\/cambra-terrassa-cal-coneixer-i-justificar-lorigen-de-les-mercaderies-en-les-exportacions\\\/\"},\"wordCount\":765,\"image\":{\"@id\":\"https:\\\/\\\/cambraterrassa.org\\\/cambra-terrassa-cal-coneixer-i-justificar-lorigen-de-les-mercaderies-en-les-exportacions\\\/#primaryimage\"},\"thumbnailUrl\":\"https:\\\/\\\/cambraterrassa.org\\\/wp-content\\\/uploads\\\/2025\\\/10\\\/o2ozimt4bqfTqFxZZ_prwtuWmADS-dsc01363-scaled.webp\",\"articleSection\":[\"Noticias Cambra\"],\"inLanguage\":\"es\"},{\"@type\":\"WebPage\",\"@id\":\"https:\\\/\\\/cambraterrassa.org\\\/cambra-terrassa-cal-coneixer-i-justificar-lorigen-de-les-mercaderies-en-les-exportacions\\\/\",\"url\":\"https:\\\/\\\/cambraterrassa.org\\\/cambra-terrassa-cal-coneixer-i-justificar-lorigen-de-les-mercaderies-en-les-exportacions\\\/\",\"name\":\"La C\u00e1mara de Comercio de Terrassa alerta: \u201cEs necesario conocer y justificar con rigor el origen de las mercanc\u00edas en las exportaciones\u201d - Cambra de Comer\u00e7 de Terrassa\",\"isPartOf\":{\"@id\":\"https:\\\/\\\/cambraterrassa.org\\\/#website\"},\"primaryImageOfPage\":{\"@id\":\"https:\\\/\\\/cambraterrassa.org\\\/cambra-terrassa-cal-coneixer-i-justificar-lorigen-de-les-mercaderies-en-les-exportacions\\\/#primaryimage\"},\"image\":{\"@id\":\"https:\\\/\\\/cambraterrassa.org\\\/cambra-terrassa-cal-coneixer-i-justificar-lorigen-de-les-mercaderies-en-les-exportacions\\\/#primaryimage\"},\"thumbnailUrl\":\"https:\\\/\\\/cambraterrassa.org\\\/wp-content\\\/uploads\\\/2025\\\/10\\\/o2ozimt4bqfTqFxZZ_prwtuWmADS-dsc01363-scaled.webp\",\"datePublished\":\"2025-10-22T13:13:46+00:00\",\"dateModified\":\"2026-03-10T09:31:49+00:00\",\"author\":{\"@id\":\"https:\\\/\\\/cambraterrassa.org\\\/#\\\/schema\\\/person\\\/0bc07fb0860401623e478b0d7affcf74\"},\"breadcrumb\":{\"@id\":\"https:\\\/\\\/cambraterrassa.org\\\/cambra-terrassa-cal-coneixer-i-justificar-lorigen-de-les-mercaderies-en-les-exportacions\\\/#breadcrumb\"},\"inLanguage\":\"es\",\"potentialAction\":[{\"@type\":\"ReadAction\",\"target\":[\"https:\\\/\\\/cambraterrassa.org\\\/cambra-terrassa-cal-coneixer-i-justificar-lorigen-de-les-mercaderies-en-les-exportacions\\\/\"]}]},{\"@type\":\"ImageObject\",\"inLanguage\":\"es\",\"@id\":\"https:\\\/\\\/cambraterrassa.org\\\/cambra-terrassa-cal-coneixer-i-justificar-lorigen-de-les-mercaderies-en-les-exportacions\\\/#primaryimage\",\"url\":\"https:\\\/\\\/cambraterrassa.org\\\/wp-content\\\/uploads\\\/2025\\\/10\\\/o2ozimt4bqfTqFxZZ_prwtuWmADS-dsc01363-scaled.webp\",\"contentUrl\":\"https:\\\/\\\/cambraterrassa.org\\\/wp-content\\\/uploads\\\/2025\\\/10\\\/o2ozimt4bqfTqFxZZ_prwtuWmADS-dsc01363-scaled.webp\",\"width\":2560,\"height\":1707},{\"@type\":\"BreadcrumbList\",\"@id\":\"https:\\\/\\\/cambraterrassa.org\\\/cambra-terrassa-cal-coneixer-i-justificar-lorigen-de-les-mercaderies-en-les-exportacions\\\/#breadcrumb\",\"itemListElement\":[{\"@type\":\"ListItem\",\"position\":1,\"name\":\"Inici\",\"item\":\"https:\\\/\\\/cambraterrassa.org\\\/\"},{\"@type\":\"ListItem\",\"position\":2,\"name\":\"La C\u00e1mara de Comercio de Terrassa alerta: \u201cEs necesario conocer y justificar con rigor el origen de las mercanc\u00edas en las exportaciones\u201d\"}]},{\"@type\":\"WebSite\",\"@id\":\"https:\\\/\\\/cambraterrassa.org\\\/#website\",\"url\":\"https:\\\/\\\/cambraterrassa.org\\\/\",\"name\":\"Cambra de Comer\u00e7 de Terrassa\",\"description\":\"\",\"potentialAction\":[{\"@type\":\"SearchAction\",\"target\":{\"@type\":\"EntryPoint\",\"urlTemplate\":\"https:\\\/\\\/cambraterrassa.org\\\/?s={search_term_string}\"},\"query-input\":{\"@type\":\"PropertyValueSpecification\",\"valueRequired\":true,\"valueName\":\"search_term_string\"}}],\"inLanguage\":\"es\"},{\"@type\":\"Person\",\"@id\":\"https:\\\/\\\/cambraterrassa.org\\\/#\\\/schema\\\/person\\\/0bc07fb0860401623e478b0d7affcf74\",\"name\":\"Cambra Comer\u00e7 de Terrassa\",\"image\":{\"@type\":\"ImageObject\",\"inLanguage\":\"es\",\"@id\":\"https:\\\/\\\/cambraterrassa.org\\\/wp-content\\\/litespeed\\\/avatar\\\/8add9977fa63207228a0c4a26e142cd7.jpg?ver=1777644903\",\"url\":\"https:\\\/\\\/cambraterrassa.org\\\/wp-content\\\/litespeed\\\/avatar\\\/8add9977fa63207228a0c4a26e142cd7.jpg?ver=1777644903\",\"contentUrl\":\"https:\\\/\\\/cambraterrassa.org\\\/wp-content\\\/litespeed\\\/avatar\\\/8add9977fa63207228a0c4a26e142cd7.jpg?ver=1777644903\",\"caption\":\"Cambra Comer\u00e7 de Terrassa\"},\"url\":\"https:\\\/\\\/cambraterrassa.org\\\/es\\\/author\\\/paula\\\/\"}]}<\/script>","yoast_head_json":{"title":"La C\u00e1mara de Comercio de Terrassa alerta: \u201cEs necesario conocer y justificar con rigor el origen de las mercanc\u00edas en las exportaciones\u201d - Cambra de Comer\u00e7 de Terrassa","robots":{"index":"index","follow":"follow","max-snippet":"max-snippet:-1","max-image-preview":"max-image-preview:large","max-video-preview":"max-video-preview:-1"},"canonical":"https:\/\/cambraterrassa.org\/es\/wp-json\/wp\/v2\/posts\/52435\/","og_locale":"es_ES","og_type":"article","og_title":"La C\u00e1mara de Comercio de Terrassa alerta: \u201cEs necesario conocer y justificar con rigor el origen de las mercanc\u00edas en las exportaciones\u201d - Cambra de Comer\u00e7 de Terrassa","og_description":"Comercio Internacional La C\u00e1mara de Comercio de Terrassa alerta:\u201cEs necesario conocer y justificar con rigor el origen de las mercanc\u00edas en las exportaciones\u201d Terrassa, 22 de octubre de 2025. \u2013 [&hellip;]","og_url":"https:\/\/cambraterrassa.org\/cambra-terrassa-cal-coneixer-i-justificar-lorigen-de-les-mercaderies-en-les-exportacions\/","og_site_name":"Cambra de Comer\u00e7 de Terrassa","article_published_time":"2025-10-22T13:13:46+00:00","article_modified_time":"2026-03-10T09:31:49+00:00","og_image":[{"width":2560,"height":1707,"url":"https:\/\/cambraterrassa.org\/wp-content\/uploads\/2025\/10\/o2ozimt4bqfTqFxZZ_prwtuWmADS-dsc01363-scaled.webp","type":"image\/webp"}],"author":"Cambra Comer\u00e7 de Terrassa","twitter_card":"summary_large_image","twitter_misc":{"Escrito por":"Cambra Comer\u00e7 de Terrassa","Tiempo de lectura":"4 minutos"},"schema":{"@context":"https:\/\/schema.org","@graph":[{"@type":"Article","@id":"https:\/\/cambraterrassa.org\/cambra-terrassa-cal-coneixer-i-justificar-lorigen-de-les-mercaderies-en-les-exportacions\/#article","isPartOf":{"@id":"https:\/\/cambraterrassa.org\/cambra-terrassa-cal-coneixer-i-justificar-lorigen-de-les-mercaderies-en-les-exportacions\/"},"author":{"name":"Cambra Comer\u00e7 de Terrassa","@id":"https:\/\/cambraterrassa.org\/#\/schema\/person\/0bc07fb0860401623e478b0d7affcf74"},"headline":"La C\u00e1mara de Comercio de Terrassa alerta: \u201cEs necesario conocer y justificar con rigor el origen de las mercanc\u00edas en las exportaciones\u201d","datePublished":"2025-10-22T13:13:46+00:00","dateModified":"2026-03-10T09:31:49+00:00","mainEntityOfPage":{"@id":"https:\/\/cambraterrassa.org\/cambra-terrassa-cal-coneixer-i-justificar-lorigen-de-les-mercaderies-en-les-exportacions\/"},"wordCount":765,"image":{"@id":"https:\/\/cambraterrassa.org\/cambra-terrassa-cal-coneixer-i-justificar-lorigen-de-les-mercaderies-en-les-exportacions\/#primaryimage"},"thumbnailUrl":"https:\/\/cambraterrassa.org\/wp-content\/uploads\/2025\/10\/o2ozimt4bqfTqFxZZ_prwtuWmADS-dsc01363-scaled.webp","articleSection":["Noticias Cambra"],"inLanguage":"es"},{"@type":"WebPage","@id":"https:\/\/cambraterrassa.org\/cambra-terrassa-cal-coneixer-i-justificar-lorigen-de-les-mercaderies-en-les-exportacions\/","url":"https:\/\/cambraterrassa.org\/cambra-terrassa-cal-coneixer-i-justificar-lorigen-de-les-mercaderies-en-les-exportacions\/","name":"La C\u00e1mara de Comercio de Terrassa alerta: \u201cEs necesario conocer y justificar con rigor el origen de las mercanc\u00edas en las exportaciones\u201d - Cambra de Comer\u00e7 de Terrassa","isPartOf":{"@id":"https:\/\/cambraterrassa.org\/#website"},"primaryImageOfPage":{"@id":"https:\/\/cambraterrassa.org\/cambra-terrassa-cal-coneixer-i-justificar-lorigen-de-les-mercaderies-en-les-exportacions\/#primaryimage"},"image":{"@id":"https:\/\/cambraterrassa.org\/cambra-terrassa-cal-coneixer-i-justificar-lorigen-de-les-mercaderies-en-les-exportacions\/#primaryimage"},"thumbnailUrl":"https:\/\/cambraterrassa.org\/wp-content\/uploads\/2025\/10\/o2ozimt4bqfTqFxZZ_prwtuWmADS-dsc01363-scaled.webp","datePublished":"2025-10-22T13:13:46+00:00","dateModified":"2026-03-10T09:31:49+00:00","author":{"@id":"https:\/\/cambraterrassa.org\/#\/schema\/person\/0bc07fb0860401623e478b0d7affcf74"},"breadcrumb":{"@id":"https:\/\/cambraterrassa.org\/cambra-terrassa-cal-coneixer-i-justificar-lorigen-de-les-mercaderies-en-les-exportacions\/#breadcrumb"},"inLanguage":"es","potentialAction":[{"@type":"ReadAction","target":["https:\/\/cambraterrassa.org\/cambra-terrassa-cal-coneixer-i-justificar-lorigen-de-les-mercaderies-en-les-exportacions\/"]}]},{"@type":"ImageObject","inLanguage":"es","@id":"https:\/\/cambraterrassa.org\/cambra-terrassa-cal-coneixer-i-justificar-lorigen-de-les-mercaderies-en-les-exportacions\/#primaryimage","url":"https:\/\/cambraterrassa.org\/wp-content\/uploads\/2025\/10\/o2ozimt4bqfTqFxZZ_prwtuWmADS-dsc01363-scaled.webp","contentUrl":"https:\/\/cambraterrassa.org\/wp-content\/uploads\/2025\/10\/o2ozimt4bqfTqFxZZ_prwtuWmADS-dsc01363-scaled.webp","width":2560,"height":1707},{"@type":"BreadcrumbList","@id":"https:\/\/cambraterrassa.org\/cambra-terrassa-cal-coneixer-i-justificar-lorigen-de-les-mercaderies-en-les-exportacions\/#breadcrumb","itemListElement":[{"@type":"ListItem","position":1,"name":"Inici","item":"https:\/\/cambraterrassa.org\/"},{"@type":"ListItem","position":2,"name":"La C\u00e1mara de Comercio de Terrassa alerta: \u201cEs necesario conocer y justificar con rigor el origen de las mercanc\u00edas en las exportaciones\u201d"}]},{"@type":"WebSite","@id":"https:\/\/cambraterrassa.org\/#website","url":"https:\/\/cambraterrassa.org\/","name":"Cambra de Comer\u00e7 de Terrassa","description":"","potentialAction":[{"@type":"SearchAction","target":{"@type":"EntryPoint","urlTemplate":"https:\/\/cambraterrassa.org\/?s={search_term_string}"},"query-input":{"@type":"PropertyValueSpecification","valueRequired":true,"valueName":"search_term_string"}}],"inLanguage":"es"},{"@type":"Person","@id":"https:\/\/cambraterrassa.org\/#\/schema\/person\/0bc07fb0860401623e478b0d7affcf74","name":"Cambra Comer\u00e7 de Terrassa","image":{"@type":"ImageObject","inLanguage":"es","@id":"https:\/\/cambraterrassa.org\/wp-content\/litespeed\/avatar\/8add9977fa63207228a0c4a26e142cd7.jpg?ver=1777644903","url":"https:\/\/cambraterrassa.org\/wp-content\/litespeed\/avatar\/8add9977fa63207228a0c4a26e142cd7.jpg?ver=1777644903","contentUrl":"https:\/\/cambraterrassa.org\/wp-content\/litespeed\/avatar\/8add9977fa63207228a0c4a26e142cd7.jpg?ver=1777644903","caption":"Cambra Comer\u00e7 de Terrassa"},"url":"https:\/\/cambraterrassa.org\/es\/author\/paula\/"}]}},"_links":{"self":[{"href":"https:\/\/cambraterrassa.org\/es\/wp-json\/wp\/v2\/posts\/52435","targetHints":{"allow":["GET"]}}],"collection":[{"href":"https:\/\/cambraterrassa.org\/es\/wp-json\/wp\/v2\/posts"}],"about":[{"href":"https:\/\/cambraterrassa.org\/es\/wp-json\/wp\/v2\/types\/post"}],"author":[{"embeddable":true,"href":"https:\/\/cambraterrassa.org\/es\/wp-json\/wp\/v2\/users\/4"}],"replies":[{"embeddable":true,"href":"https:\/\/cambraterrassa.org\/es\/wp-json\/wp\/v2\/comments?post=52435"}],"version-history":[{"count":0,"href":"https:\/\/cambraterrassa.org\/es\/wp-json\/wp\/v2\/posts\/52435\/revisions"}],"wp:featuredmedia":[{"embeddable":true,"href":"https:\/\/cambraterrassa.org\/es\/wp-json\/wp\/v2\/media\/47131"}],"wp:attachment":[{"href":"https:\/\/cambraterrassa.org\/es\/wp-json\/wp\/v2\/media?parent=52435"}],"wp:term":[{"taxonomy":"category","embeddable":true,"href":"https:\/\/cambraterrassa.org\/es\/wp-json\/wp\/v2\/categories?post=52435"},{"taxonomy":"post_tag","embeddable":true,"href":"https:\/\/cambraterrassa.org\/es\/wp-json\/wp\/v2\/tags?post=52435"}],"curies":[{"name":"wp","href":"https:\/\/api.w.org\/{rel}","templated":true}]}}