{"id":52432,"date":"2025-10-27T14:55:32","date_gmt":"2025-10-27T13:55:32","guid":{"rendered":"https:\/\/cambraterrassa.org\/leitat-mutuaterrassa-i-cambraterrassa-llancen-el-programa-rhia-vo-per-impulsar-la-ia-al-sector-hospitalari\/"},"modified":"2026-03-05T11:33:44","modified_gmt":"2026-03-05T10:33:44","slug":"la-fundacion-leitat-mutuaterrassa-y-camara-de-comercio-de-terrassa-lanzan-el-programa-rhia-vo-para-impulsar-la-inteligencia-artificial-en-el-sector-hospitalario-del-valles-occidental","status":"publish","type":"post","link":"https:\/\/cambraterrassa.org\/es\/la-fundacion-leitat-mutuaterrassa-y-camara-de-comercio-de-terrassa-lanzan-el-programa-rhia-vo-para-impulsar-la-inteligencia-artificial-en-el-sector-hospitalario-del-valles-occidental\/","title":{"rendered":"La Fundaci\u00f3n Leitat, M\u00fatuaTerrassa y C\u00e1mara de Comercio de Terrassa lanzan el programa RHIA-VO para impulsar la inteligencia artificial en el sector hospitalario del Vall\u00e8s Occidental"},"content":{"rendered":"\t\t<div data-elementor-type=\"wp-post\" data-elementor-id=\"52432\" class=\"elementor elementor-52432 elementor-47242\" data-elementor-post-type=\"post\">\n\t\t\t\t<div class=\"elementor-element elementor-element-59f3d5ee e-flex e-con-boxed e-con e-parent\" data-id=\"59f3d5ee\" data-element_type=\"container\" data-e-type=\"container\">\n\t\t\t\t\t<div class=\"e-con-inner\">\n\t\t\t\t<div class=\"elementor-element elementor-element-1cb03858 elementor-widget elementor-widget-text-editor\" data-id=\"1cb03858\" data-element_type=\"widget\" data-e-type=\"widget\" data-widget_type=\"text-editor.default\">\n\t\t\t\t<div class=\"elementor-widget-container\">\n\t\t\t\t\t\t\t\t\t<h2 style=\"text-align: center;\"><strong>La Fundaci\u00f3 Leitat, M\u00fatuaTerrassa i Cambra de Comer\u00e7 de Terrassa llancen el programa RHIA-VO per impulsar la intel\u00b7lig\u00e8ncia artificial al sector hospitalari del Vall\u00e8s Occidental<\/strong><\/h2><p>\u00a0<\/p><ul class=\"wp-block-list\"><li><em>Les propostes guanyadores podran testejar les solucions d\u2019IA a l\u2019Hospital Universitari M\u00fatuaTerrassa<\/em><\/li><li><em>L\u2019impacte esperat inclou millores tangibles en els processos assistencials, l\u2019efici\u00e8ncia operativa i la satisfacci\u00f3 de pacients i professionals<\/em><\/li><li><em>Avui comen\u00e7a el per\u00edode de prop d\u2019un mes per poder presentar solucions al RHIA-VO <\/em><\/li><\/ul><p>\u00a0<\/p><p><strong>Terrassa, 27 d\u2019octubre de 2025 &#8211;\u00a0<\/strong>La <strong>Fundaci\u00f3 Leitat i la Fundaci\u00f3 Recerca i Doc\u00e8ncia M\u00fatuaTerrassa, <\/strong>amb col\u00b7laboraci\u00f3 amb la <strong>Cambra de Comer\u00e7 de Terrassa<\/strong>, llancen conjuntament el Programa \u201c<strong>Repte Hospitalari d\u2019Intel\u00b7lig\u00e8ncia Artificial al Vall\u00e8s Occidental (RHIA-VO)<\/strong>\u00ab. L\u2019objectiu principal del programa \u00e9s impulsar la integraci\u00f3 efectiva de solucions d\u2019Intel\u00b7lig\u00e8ncia Artificial (IA) en <strong>entorns hospitalaris al Vall\u00e8s Occidental<\/strong>, resolent els reptes prioritaris identificats per professionals i experts sanitaris, i promovent la col\u00b7laboraci\u00f3 entre centres de salut, empreses emergents i l\u2019ecosistema tecnol\u00f2gic.<\/p><p>RHIA-VO s\u2019emmarca dins del programa Xarxes territorials d&#8217;especialitzaci\u00f3 tecnol\u00f2gica (RETECH) del Pla de Recuperaci\u00f3, Transformaci\u00f3 i Resili\u00e8ncia. Compta amb un <strong>pressupost de 250.000\u20ac <\/strong>cofinan\u00e7at pel Fons Next Generation EU amb el suport de la Secretaria General de Pol\u00edtiques Digitals de la Generalitat de Catalunya.<\/p><p>RHIA-VO busca millorar la qualitat assistencial, l\u2019efici\u00e8ncia i la sostenibilitat del sistema sanitari catal\u00e0 consolidant el Vall\u00e8s Occidental com a pol d\u2019innovaci\u00f3 en salut digital. L\u2019impacte esperat ha de permetre <strong>millores tangibles<\/strong> en els processos assistencials, l\u2019efici\u00e8ncia operativa i la satisfacci\u00f3 de pacients i professionals, aix\u00ed com la consolidaci\u00f3 del Vall\u00e8s Occidental com a pol d\u2019<strong>innovaci\u00f3 en salut digital.<\/strong><\/p><p>Aquesta convocat\u00f2ria representa una<strong> oportunitat \u00fanica <\/strong>per a les entitats que volen dur a terme una prova pilot de la seva soluci\u00f3 basada en IA, ja que el programa RHIA-VO contribueix a superar les barreres que sovint es troben les <strong>start-ups i pimes<\/strong> a l\u2019hora d\u2019accedir a entorns reals on realitzar projectes demostratius.<\/p><p>Se seleccionaran un <strong>m\u00e0xim de dues propostes <\/strong>guanyadores, les quals podran executar el seu pilot durant <strong>2 mesos<\/strong> en l\u2019<strong>Hospital Universitari M\u00fatuaTerrassa.<\/strong> La comunicaci\u00f3 dels projectes seleccionats es far\u00e0 a trav\u00e9s del web de la Fundaci\u00f3n Leitat (<a href=\"https:\/\/fundacionleitat.org\/\">https:\/\/fundacionleitat.org\/<\/a>) i la prova pilot es dur\u00e0 a terme en el <strong>primer trimestre de 2026<\/strong>.<\/p><p>El pr\u00f2xim <strong>27 d\u2019octubre, i fins al 21 de novembre<\/strong>, s\u2019obrir\u00e0 una<strong> \u00fanica crida <\/strong>perqu\u00e8 les startups, pimes, spin-offs o universitats p\u00fabliques de l\u2019ecosistema catal\u00e0 interessades a participar en el programa presentin les seves <strong>solucions IA<\/strong>, alineades amb els desafiaments estrat\u00e8gics identificats en l\u2019\u00e0mbit hospitalari.<\/p><p>Durant el per\u00edode d\u2019execuci\u00f3, els equips seleccionats comptaran amb <strong>suport especialitzat<\/strong> tant de la <strong>Fundaci\u00f3 Leitat i la Cambra de Comer\u00e7 de Terrassa<\/strong> per a facilitar el disseny del seu pla de treball, l\u2019execuci\u00f3, seguiment, recollida i an\u00e0lisi dels resultats i d\u2019impacte. Tamb\u00e9 tindran acc\u00e9s a serveis d\u2019assessorament especialitzat, per<strong> afavorir l\u2019escalabilitat i la transfer\u00e8ncia<\/strong> efectiva de les seves solucions al sistema de salut i social catal\u00e0.<\/p><p>Al Vall\u00e8s Occidental hi viuen m\u00e9s de 900.000 habitants i s\u2019hi concentra una intensa activitat econ\u00f2mica; per tant, hospitals de refer\u00e8ncia com els de la Fundaci\u00f3 M\u00fatua de Terrassa ofereixen un <strong>context idoni<\/strong> per testar<strong> tecnologies innovadores<\/strong> i afavorir la transfer\u00e8ncia de coneixement.<\/p><p>Amb el llan\u00e7ament d\u2019aquest programa,<strong> Catalunya fa un pas endavant<\/strong> en la implementaci\u00f3 pr\u00e0ctica de l\u2019IA al sistema sanitari. M\u00fatua de Terrassa, Fundaci\u00f3n Leitat i la Cambra de Comer\u00e7 de Terrassa, reforcen el seu comprom\u00eds amb la cohesi\u00f3 territorial, la transici\u00f3 digital i la millora de la qualitat de vida de la ciutadania, alineant-se amb l\u2019<strong>estrat\u00e8gia CATALONIA.AI<\/strong> i amb els principis del<strong> Pla de Recuperaci\u00f3, Transformaci\u00f3 i Resili\u00e8ncia.<\/strong><\/p><p>Aquesta iniciativa, sota el marc del <strong>Programa RETECH 2025<\/strong>, est\u00e0 coordinada per la <strong>Fundaci\u00f3 Leitat<\/strong>, la <strong>Fundaci\u00f3 M\u00fatuaTerrassa per a la Doc\u00e8ncia i la Recerca Biom\u00e8dica i Social<\/strong> i la<strong> Cambra Oficial de Comer\u00e7, Ind\u00fastria i Serveis de Terrassa<\/strong>, amb el suport del<strong> Departament d\u2019Empresa i Treball de la Generalitat de Catalunya<\/strong> i el cofinan\u00e7ament dels fons <strong>Next Generation EU<\/strong> a trav\u00e9s del <strong>Mecanisme de Recuperaci\u00f3 i Resili\u00e8ncia (MRR) <\/strong>del <strong>Govern d\u2019Espanya<\/strong>.<\/p><figure class=\"wp-block-image size-full\"><img decoding=\"async\" width=\"752\" height=\"59\" class=\"wp-image-47243 aligncenter\" src=\"https:\/\/cambraterrassa.org\/wp-content\/uploads\/2025\/10\/image.jpeg\" alt=\"\" srcset=\"https:\/\/cambraterrassa.org\/wp-content\/uploads\/2025\/10\/image.jpeg 752w, https:\/\/cambraterrassa.org\/wp-content\/uploads\/2025\/10\/image-300x24.jpeg 300w, https:\/\/cambraterrassa.org\/wp-content\/uploads\/2025\/10\/image-600x47.jpeg 600w\" sizes=\"(max-width: 752px) 100vw, 752px\" \/><\/figure>\t\t\t\t\t\t\t\t<\/div>\n\t\t\t\t<\/div>\n\t\t\t\t\t<\/div>\n\t\t\t\t<\/div>\n\t\t<div class=\"elementor-element elementor-element-e7490fb e-con-full e-flex e-con e-child\" data-id=\"e7490fb\" data-element_type=\"container\" data-e-type=\"container\">\n\t\t\t\t<div class=\"elementor-element elementor-element-4a7e303 elementor-widget elementor-widget-spacer\" data-id=\"4a7e303\" data-element_type=\"widget\" data-e-type=\"widget\" data-widget_type=\"spacer.default\">\n\t\t\t\t<div class=\"elementor-widget-container\">\n\t\t\t\t\t\t\t<div class=\"elementor-spacer\">\n\t\t\t<div class=\"elementor-spacer-inner\"><\/div>\n\t\t<\/div>\n\t\t\t\t\t\t<\/div>\n\t\t\t\t<\/div>\n\t\t\t\t<div class=\"elementor-element elementor-element-9d841d3 elementor-widget-divider--view-line elementor-widget elementor-widget-divider\" data-id=\"9d841d3\" data-element_type=\"widget\" data-e-type=\"widget\" data-widget_type=\"divider.default\">\n\t\t\t\t<div class=\"elementor-widget-container\">\n\t\t\t\t\t\t\t<div class=\"elementor-divider\">\n\t\t\t<span class=\"elementor-divider-separator\">\n\t\t\t\t\t\t<\/span>\n\t\t<\/div>\n\t\t\t\t\t\t<\/div>\n\t\t\t\t<\/div>\n\t\t\t\t<div class=\"elementor-element elementor-element-0830a2e elementor-widget elementor-widget-text-editor\" data-id=\"0830a2e\" data-element_type=\"widget\" data-e-type=\"widget\" data-widget_type=\"text-editor.default\">\n\t\t\t\t<div class=\"elementor-widget-container\">\n\t\t\t\t\t\t\t\t\t<ul><li><a href=\"https:\/\/www.diarideterrassa.com\/terrassa\/neix-el-programa-rhia-vo-per-impulsar-lus-de-la-intelligencia-artificial-als-hospitals-del-valles-occidental.html\" target=\"_blank\" rel=\"noopener\"><strong>Diari de Terrassa<\/strong> | Neix el programa RHIA-VO per impulsar l\u2019\u00fas de la intel\u00b7lig\u00e8ncia artificial als hospitals del Vall\u00e8s Occidental<\/a><\/li><li data-start=\"260\" data-end=\"380\"><a href=\"https:\/\/www.europapress.es\/catalunya\/noticia-fundacio-leitat-mutuaterrassa-camara-terrassa-barcelona-lanzan-programa-rhia-vo-20251027113823.html\" target=\"_blank\" rel=\"noopener\"><strong>Europa Press Catalunya<\/strong> | Fundaci\u00f3 Leitat, M\u00fatuaTerrassa y la C\u00e1mara de Terrassa (Barcelona) lanzan el programa RHIA-VO<\/a><\/li><li data-start=\"383\" data-end=\"474\"><a href=\"https:\/\/monterrassa.cat\/societat\/salut\/leitat-mutua-i-cambra-aposten-per-us-ia-hospitals-vallesans-483225\/\" target=\"_blank\" rel=\"noopener\"><strong>M\u00f3nTerrassa<\/strong> | Leitat, M\u00fatua i la Cambra aposten per l\u2019\u00fas de la IA als hospitals vallesans<\/a><\/li><li data-start=\"477\" data-end=\"565\"><a href=\"https:\/\/terrassadigital.cat\/leitat-mutua-i-cambra-impulsen-la-ia-al-sector-hospitalari-comarcal\/\" target=\"_blank\" rel=\"noopener\"><strong>Terrassa Digital<\/strong> | Leitat-M\u00fatua i Cambra impulsen la IA al sector hospitalari comarcal<\/a><\/li><li data-start=\"568\" data-end=\"663\"><a href=\"https:\/\/amp.ultimahora.es\/noticias\/comunidades\/2025\/10\/27\/2499651\/fundacio-leitat-mutuaterrassa-camara-terrassa-barcelona-lanzan-programa-rhia-vo.html\" target=\"_blank\" rel=\"noopener\"><strong>\u00daltima Hora<\/strong> | Fundaci\u00f3 Leitat-M\u00fatuaTerrassa C\u00e1mara Terrassa Barcelona lanzan programa RHIA-VO<\/a><\/li><li data-start=\"666\" data-end=\"762\"><a href=\"https:\/\/www.viaempresa.cat\/empresa\/fundacio-leitat-mutuaterrassa-cambra-terrassa-llancen-programa-rhia-vo_2221297_102.html\" target=\"_blank\" rel=\"noopener\"><strong>V\u00eda Empresa<\/strong> | Fundaci\u00f3 Leitat, M\u00fatuaTerrassa i la Cambra de Terrassa llancen el programa RHIA-VO<\/a><\/li><\/ul>\t\t\t\t\t\t\t\t<\/div>\n\t\t\t\t<\/div>\n\t\t\t\t<div class=\"elementor-element elementor-element-6055dfe elementor-widget elementor-widget-spacer\" data-id=\"6055dfe\" data-element_type=\"widget\" data-e-type=\"widget\" data-widget_type=\"spacer.default\">\n\t\t\t\t<div class=\"elementor-widget-container\">\n\t\t\t\t\t\t\t<div class=\"elementor-spacer\">\n\t\t\t<div class=\"elementor-spacer-inner\"><\/div>\n\t\t<\/div>\n\t\t\t\t\t\t<\/div>\n\t\t\t\t<\/div>\n\t\t\t\t<\/div>\n\t\t\t\t<\/div>\n\t\t","protected":false},"excerpt":{"rendered":"<p>La Fundaci\u00f3 Leitat, M\u00fatuaTerrassa i Cambra de Comer\u00e7 de Terrassa llancen el programa RHIA-VO per impulsar la intel\u00b7lig\u00e8ncia artificial al sector hospitalari del Vall\u00e8s Occidental \u00a0 Les propostes guanyadores podran [&hellip;]<\/p>\n","protected":false},"author":4,"featured_media":47247,"comment_status":"closed","ping_status":"open","sticky":false,"template":"","format":"standard","meta":{"_acf_changed":false,"site-sidebar-layout":"default","site-content-layout":"","ast-site-content-layout":"default","site-content-style":"default","site-sidebar-style":"default","ast-global-header-display":"","ast-banner-title-visibility":"","ast-main-header-display":"","ast-hfb-above-header-display":"","ast-hfb-below-header-display":"","ast-hfb-mobile-header-display":"","site-post-title":"","ast-breadcrumbs-content":"","ast-featured-img":"","footer-sml-layout":"","ast-disable-related-posts":"","theme-transparent-header-meta":"","adv-header-id-meta":"","stick-header-meta":"","header-above-stick-meta":"","header-main-stick-meta":"","header-below-stick-meta":"","astra-migrate-meta-layouts":"default","ast-page-background-enabled":"default","ast-page-background-meta":{"desktop":{"background-color":"var(--ast-global-color-4)","background-image":"","background-repeat":"repeat","background-position":"center center","background-size":"auto","background-attachment":"scroll","background-type":"","background-media":"","overlay-type":"","overlay-color":"","overlay-opacity":"","overlay-gradient":""},"tablet":{"background-color":"","background-image":"","background-repeat":"repeat","background-position":"center center","background-size":"auto","background-attachment":"scroll","background-type":"","background-media":"","overlay-type":"","overlay-color":"","overlay-opacity":"","overlay-gradient":""},"mobile":{"background-color":"","background-image":"","background-repeat":"repeat","background-position":"center center","background-size":"auto","background-attachment":"scroll","background-type":"","background-media":"","overlay-type":"","overlay-color":"","overlay-opacity":"","overlay-gradient":""}},"ast-content-background-meta":{"desktop":{"background-color":"var(--ast-global-color-5)","background-image":"","background-repeat":"repeat","background-position":"center center","background-size":"auto","background-attachment":"scroll","background-type":"","background-media":"","overlay-type":"","overlay-color":"","overlay-opacity":"","overlay-gradient":""},"tablet":{"background-color":"var(--ast-global-color-5)","background-image":"","background-repeat":"repeat","background-position":"center center","background-size":"auto","background-attachment":"scroll","background-type":"","background-media":"","overlay-type":"","overlay-color":"","overlay-opacity":"","overlay-gradient":""},"mobile":{"background-color":"var(--ast-global-color-5)","background-image":"","background-repeat":"repeat","background-position":"center center","background-size":"auto","background-attachment":"scroll","background-type":"","background-media":"","overlay-type":"","overlay-color":"","overlay-opacity":"","overlay-gradient":""}},"footnotes":""},"categories":[158],"tags":[],"class_list":["post-52432","post","type-post","status-publish","format-standard","has-post-thumbnail","hentry","category-noticias-cambra"],"acf":[],"yoast_head":"<title>La Fundaci\u00f3n Leitat, M\u00fatuaTerrassa y C\u00e1mara de Comercio de Terrassa lanzan el programa RHIA-VO para impulsar la inteligencia artificial en el sector hospitalario del Vall\u00e8s Occidental - Cambra de Comer\u00e7 de Terrassa<\/title>\n<meta name=\"robots\" content=\"index, follow, max-snippet:-1, max-image-preview:large, max-video-preview:-1\" \/>\n<link rel=\"canonical\" href=\"https:\/\/cambraterrassa.org\/es\/wp-json\/wp\/v2\/posts\/52432\/\" \/>\n<meta property=\"og:locale\" content=\"es_ES\" \/>\n<meta property=\"og:type\" content=\"article\" \/>\n<meta property=\"og:title\" content=\"La Fundaci\u00f3n Leitat, M\u00fatuaTerrassa y C\u00e1mara de Comercio de Terrassa lanzan el programa RHIA-VO para impulsar la inteligencia artificial en el sector hospitalario del Vall\u00e8s Occidental - Cambra de Comer\u00e7 de Terrassa\" \/>\n<meta property=\"og:description\" content=\"La Fundaci\u00f3 Leitat, M\u00fatuaTerrassa i Cambra de Comer\u00e7 de Terrassa llancen el programa RHIA-VO per impulsar la intel\u00b7lig\u00e8ncia artificial al sector hospitalari del Vall\u00e8s Occidental \u00a0 Les propostes guanyadores podran [&hellip;]\" \/>\n<meta property=\"og:url\" content=\"https:\/\/cambraterrassa.org\/es\/la-fundacion-leitat-mutuaterrassa-y-camara-de-comercio-de-terrassa-lanzan-el-programa-rhia-vo-para-impulsar-la-inteligencia-artificial-en-el-sector-hospitalario-del-valles-occidental\/\" \/>\n<meta property=\"og:site_name\" content=\"Cambra de Comer\u00e7 de Terrassa\" \/>\n<meta property=\"article:published_time\" content=\"2025-10-27T13:55:32+00:00\" \/>\n<meta property=\"article:modified_time\" content=\"2026-03-05T10:33:44+00:00\" \/>\n<meta property=\"og:image\" content=\"https:\/\/cambraterrassa.org\/wp-content\/uploads\/2025\/10\/o2ozimt4bqfTqFxZZ_KhhdoGntbE-image.webp\" \/>\n\t<meta property=\"og:image:width\" content=\"1536\" \/>\n\t<meta property=\"og:image:height\" content=\"1024\" \/>\n\t<meta property=\"og:image:type\" content=\"image\/webp\" \/>\n<meta name=\"author\" content=\"Cambra Comer\u00e7 de Terrassa\" \/>\n<meta name=\"twitter:card\" content=\"summary_large_image\" \/>\n<meta name=\"twitter:label1\" content=\"Escrito por\" \/>\n\t<meta name=\"twitter:data1\" content=\"Cambra Comer\u00e7 de Terrassa\" \/>\n\t<meta name=\"twitter:label2\" content=\"Tiempo de lectura\" \/>\n\t<meta name=\"twitter:data2\" content=\"5 minutos\" \/>\n<script type=\"application\/ld+json\" class=\"yoast-schema-graph\">{\"@context\":\"https:\\\/\\\/schema.org\",\"@graph\":[{\"@type\":\"Article\",\"@id\":\"https:\\\/\\\/cambraterrassa.org\\\/es\\\/la-fundacion-leitat-mutuaterrassa-y-camara-de-comercio-de-terrassa-lanzan-el-programa-rhia-vo-para-impulsar-la-inteligencia-artificial-en-el-sector-hospitalario-del-valles-occidental\\\/#article\",\"isPartOf\":{\"@id\":\"https:\\\/\\\/cambraterrassa.org\\\/es\\\/la-fundacion-leitat-mutuaterrassa-y-camara-de-comercio-de-terrassa-lanzan-el-programa-rhia-vo-para-impulsar-la-inteligencia-artificial-en-el-sector-hospitalario-del-valles-occidental\\\/\"},\"author\":{\"name\":\"Cambra Comer\u00e7 de Terrassa\",\"@id\":\"https:\\\/\\\/cambraterrassa.org\\\/#\\\/schema\\\/person\\\/0bc07fb0860401623e478b0d7affcf74\"},\"headline\":\"La Fundaci\u00f3n Leitat, M\u00fatuaTerrassa y C\u00e1mara de Comercio de Terrassa lanzan el programa RHIA-VO para impulsar la inteligencia artificial en el sector hospitalario del Vall\u00e8s Occidental\",\"datePublished\":\"2025-10-27T13:55:32+00:00\",\"dateModified\":\"2026-03-05T10:33:44+00:00\",\"mainEntityOfPage\":{\"@id\":\"https:\\\/\\\/cambraterrassa.org\\\/es\\\/la-fundacion-leitat-mutuaterrassa-y-camara-de-comercio-de-terrassa-lanzan-el-programa-rhia-vo-para-impulsar-la-inteligencia-artificial-en-el-sector-hospitalario-del-valles-occidental\\\/\"},\"wordCount\":870,\"image\":{\"@id\":\"https:\\\/\\\/cambraterrassa.org\\\/es\\\/la-fundacion-leitat-mutuaterrassa-y-camara-de-comercio-de-terrassa-lanzan-el-programa-rhia-vo-para-impulsar-la-inteligencia-artificial-en-el-sector-hospitalario-del-valles-occidental\\\/#primaryimage\"},\"thumbnailUrl\":\"https:\\\/\\\/cambraterrassa.org\\\/wp-content\\\/uploads\\\/2025\\\/10\\\/o2ozimt4bqfTqFxZZ_KhhdoGntbE-image.webp\",\"articleSection\":[\"Noticias Cambra\"],\"inLanguage\":\"es\"},{\"@type\":\"WebPage\",\"@id\":\"https:\\\/\\\/cambraterrassa.org\\\/es\\\/la-fundacion-leitat-mutuaterrassa-y-camara-de-comercio-de-terrassa-lanzan-el-programa-rhia-vo-para-impulsar-la-inteligencia-artificial-en-el-sector-hospitalario-del-valles-occidental\\\/\",\"url\":\"https:\\\/\\\/cambraterrassa.org\\\/es\\\/la-fundacion-leitat-mutuaterrassa-y-camara-de-comercio-de-terrassa-lanzan-el-programa-rhia-vo-para-impulsar-la-inteligencia-artificial-en-el-sector-hospitalario-del-valles-occidental\\\/\",\"name\":\"La Fundaci\u00f3n Leitat, M\u00fatuaTerrassa y C\u00e1mara de Comercio de Terrassa lanzan el programa RHIA-VO para impulsar la inteligencia artificial en el sector hospitalario del Vall\u00e8s Occidental - Cambra de Comer\u00e7 de Terrassa\",\"isPartOf\":{\"@id\":\"https:\\\/\\\/cambraterrassa.org\\\/#website\"},\"primaryImageOfPage\":{\"@id\":\"https:\\\/\\\/cambraterrassa.org\\\/es\\\/la-fundacion-leitat-mutuaterrassa-y-camara-de-comercio-de-terrassa-lanzan-el-programa-rhia-vo-para-impulsar-la-inteligencia-artificial-en-el-sector-hospitalario-del-valles-occidental\\\/#primaryimage\"},\"image\":{\"@id\":\"https:\\\/\\\/cambraterrassa.org\\\/es\\\/la-fundacion-leitat-mutuaterrassa-y-camara-de-comercio-de-terrassa-lanzan-el-programa-rhia-vo-para-impulsar-la-inteligencia-artificial-en-el-sector-hospitalario-del-valles-occidental\\\/#primaryimage\"},\"thumbnailUrl\":\"https:\\\/\\\/cambraterrassa.org\\\/wp-content\\\/uploads\\\/2025\\\/10\\\/o2ozimt4bqfTqFxZZ_KhhdoGntbE-image.webp\",\"datePublished\":\"2025-10-27T13:55:32+00:00\",\"dateModified\":\"2026-03-05T10:33:44+00:00\",\"author\":{\"@id\":\"https:\\\/\\\/cambraterrassa.org\\\/#\\\/schema\\\/person\\\/0bc07fb0860401623e478b0d7affcf74\"},\"breadcrumb\":{\"@id\":\"https:\\\/\\\/cambraterrassa.org\\\/es\\\/la-fundacion-leitat-mutuaterrassa-y-camara-de-comercio-de-terrassa-lanzan-el-programa-rhia-vo-para-impulsar-la-inteligencia-artificial-en-el-sector-hospitalario-del-valles-occidental\\\/#breadcrumb\"},\"inLanguage\":\"es\",\"potentialAction\":[{\"@type\":\"ReadAction\",\"target\":[\"https:\\\/\\\/cambraterrassa.org\\\/es\\\/la-fundacion-leitat-mutuaterrassa-y-camara-de-comercio-de-terrassa-lanzan-el-programa-rhia-vo-para-impulsar-la-inteligencia-artificial-en-el-sector-hospitalario-del-valles-occidental\\\/\"]}]},{\"@type\":\"ImageObject\",\"inLanguage\":\"es\",\"@id\":\"https:\\\/\\\/cambraterrassa.org\\\/es\\\/la-fundacion-leitat-mutuaterrassa-y-camara-de-comercio-de-terrassa-lanzan-el-programa-rhia-vo-para-impulsar-la-inteligencia-artificial-en-el-sector-hospitalario-del-valles-occidental\\\/#primaryimage\",\"url\":\"https:\\\/\\\/cambraterrassa.org\\\/wp-content\\\/uploads\\\/2025\\\/10\\\/o2ozimt4bqfTqFxZZ_KhhdoGntbE-image.webp\",\"contentUrl\":\"https:\\\/\\\/cambraterrassa.org\\\/wp-content\\\/uploads\\\/2025\\\/10\\\/o2ozimt4bqfTqFxZZ_KhhdoGntbE-image.webp\",\"width\":1536,\"height\":1024,\"caption\":\"programa RHIA-VO\"},{\"@type\":\"BreadcrumbList\",\"@id\":\"https:\\\/\\\/cambraterrassa.org\\\/es\\\/la-fundacion-leitat-mutuaterrassa-y-camara-de-comercio-de-terrassa-lanzan-el-programa-rhia-vo-para-impulsar-la-inteligencia-artificial-en-el-sector-hospitalario-del-valles-occidental\\\/#breadcrumb\",\"itemListElement\":[{\"@type\":\"ListItem\",\"position\":1,\"name\":\"Inici\",\"item\":\"https:\\\/\\\/cambraterrassa.org\\\/\"},{\"@type\":\"ListItem\",\"position\":2,\"name\":\"La Fundaci\u00f3n Leitat, M\u00fatuaTerrassa y C\u00e1mara de Comercio de Terrassa lanzan el programa RHIA-VO para impulsar la inteligencia artificial en el sector hospitalario del Vall\u00e8s Occidental\"}]},{\"@type\":\"WebSite\",\"@id\":\"https:\\\/\\\/cambraterrassa.org\\\/#website\",\"url\":\"https:\\\/\\\/cambraterrassa.org\\\/\",\"name\":\"Cambra de Comer\u00e7 de Terrassa\",\"description\":\"\",\"potentialAction\":[{\"@type\":\"SearchAction\",\"target\":{\"@type\":\"EntryPoint\",\"urlTemplate\":\"https:\\\/\\\/cambraterrassa.org\\\/?s={search_term_string}\"},\"query-input\":{\"@type\":\"PropertyValueSpecification\",\"valueRequired\":true,\"valueName\":\"search_term_string\"}}],\"inLanguage\":\"es\"},{\"@type\":\"Person\",\"@id\":\"https:\\\/\\\/cambraterrassa.org\\\/#\\\/schema\\\/person\\\/0bc07fb0860401623e478b0d7affcf74\",\"name\":\"Cambra Comer\u00e7 de Terrassa\",\"image\":{\"@type\":\"ImageObject\",\"inLanguage\":\"es\",\"@id\":\"https:\\\/\\\/cambraterrassa.org\\\/wp-content\\\/litespeed\\\/avatar\\\/8add9977fa63207228a0c4a26e142cd7.jpg?ver=1777644903\",\"url\":\"https:\\\/\\\/cambraterrassa.org\\\/wp-content\\\/litespeed\\\/avatar\\\/8add9977fa63207228a0c4a26e142cd7.jpg?ver=1777644903\",\"contentUrl\":\"https:\\\/\\\/cambraterrassa.org\\\/wp-content\\\/litespeed\\\/avatar\\\/8add9977fa63207228a0c4a26e142cd7.jpg?ver=1777644903\",\"caption\":\"Cambra Comer\u00e7 de Terrassa\"},\"url\":\"https:\\\/\\\/cambraterrassa.org\\\/es\\\/author\\\/paula\\\/\"}]}<\/script>","yoast_head_json":{"title":"La Fundaci\u00f3n Leitat, M\u00fatuaTerrassa y C\u00e1mara de Comercio de Terrassa lanzan el programa RHIA-VO para impulsar la inteligencia artificial en el sector hospitalario del Vall\u00e8s Occidental - Cambra de Comer\u00e7 de Terrassa","robots":{"index":"index","follow":"follow","max-snippet":"max-snippet:-1","max-image-preview":"max-image-preview:large","max-video-preview":"max-video-preview:-1"},"canonical":"https:\/\/cambraterrassa.org\/es\/wp-json\/wp\/v2\/posts\/52432\/","og_locale":"es_ES","og_type":"article","og_title":"La Fundaci\u00f3n Leitat, M\u00fatuaTerrassa y C\u00e1mara de Comercio de Terrassa lanzan el programa RHIA-VO para impulsar la inteligencia artificial en el sector hospitalario del Vall\u00e8s Occidental - Cambra de Comer\u00e7 de Terrassa","og_description":"La Fundaci\u00f3 Leitat, M\u00fatuaTerrassa i Cambra de Comer\u00e7 de Terrassa llancen el programa RHIA-VO per impulsar la intel\u00b7lig\u00e8ncia artificial al sector hospitalari del Vall\u00e8s Occidental \u00a0 Les propostes guanyadores podran [&hellip;]","og_url":"https:\/\/cambraterrassa.org\/es\/la-fundacion-leitat-mutuaterrassa-y-camara-de-comercio-de-terrassa-lanzan-el-programa-rhia-vo-para-impulsar-la-inteligencia-artificial-en-el-sector-hospitalario-del-valles-occidental\/","og_site_name":"Cambra de Comer\u00e7 de Terrassa","article_published_time":"2025-10-27T13:55:32+00:00","article_modified_time":"2026-03-05T10:33:44+00:00","og_image":[{"width":1536,"height":1024,"url":"https:\/\/cambraterrassa.org\/wp-content\/uploads\/2025\/10\/o2ozimt4bqfTqFxZZ_KhhdoGntbE-image.webp","type":"image\/webp"}],"author":"Cambra Comer\u00e7 de Terrassa","twitter_card":"summary_large_image","twitter_misc":{"Escrito por":"Cambra Comer\u00e7 de Terrassa","Tiempo de lectura":"5 minutos"},"schema":{"@context":"https:\/\/schema.org","@graph":[{"@type":"Article","@id":"https:\/\/cambraterrassa.org\/es\/la-fundacion-leitat-mutuaterrassa-y-camara-de-comercio-de-terrassa-lanzan-el-programa-rhia-vo-para-impulsar-la-inteligencia-artificial-en-el-sector-hospitalario-del-valles-occidental\/#article","isPartOf":{"@id":"https:\/\/cambraterrassa.org\/es\/la-fundacion-leitat-mutuaterrassa-y-camara-de-comercio-de-terrassa-lanzan-el-programa-rhia-vo-para-impulsar-la-inteligencia-artificial-en-el-sector-hospitalario-del-valles-occidental\/"},"author":{"name":"Cambra Comer\u00e7 de Terrassa","@id":"https:\/\/cambraterrassa.org\/#\/schema\/person\/0bc07fb0860401623e478b0d7affcf74"},"headline":"La Fundaci\u00f3n Leitat, M\u00fatuaTerrassa y C\u00e1mara de Comercio de Terrassa lanzan el programa RHIA-VO para impulsar la inteligencia artificial en el sector hospitalario del Vall\u00e8s Occidental","datePublished":"2025-10-27T13:55:32+00:00","dateModified":"2026-03-05T10:33:44+00:00","mainEntityOfPage":{"@id":"https:\/\/cambraterrassa.org\/es\/la-fundacion-leitat-mutuaterrassa-y-camara-de-comercio-de-terrassa-lanzan-el-programa-rhia-vo-para-impulsar-la-inteligencia-artificial-en-el-sector-hospitalario-del-valles-occidental\/"},"wordCount":870,"image":{"@id":"https:\/\/cambraterrassa.org\/es\/la-fundacion-leitat-mutuaterrassa-y-camara-de-comercio-de-terrassa-lanzan-el-programa-rhia-vo-para-impulsar-la-inteligencia-artificial-en-el-sector-hospitalario-del-valles-occidental\/#primaryimage"},"thumbnailUrl":"https:\/\/cambraterrassa.org\/wp-content\/uploads\/2025\/10\/o2ozimt4bqfTqFxZZ_KhhdoGntbE-image.webp","articleSection":["Noticias Cambra"],"inLanguage":"es"},{"@type":"WebPage","@id":"https:\/\/cambraterrassa.org\/es\/la-fundacion-leitat-mutuaterrassa-y-camara-de-comercio-de-terrassa-lanzan-el-programa-rhia-vo-para-impulsar-la-inteligencia-artificial-en-el-sector-hospitalario-del-valles-occidental\/","url":"https:\/\/cambraterrassa.org\/es\/la-fundacion-leitat-mutuaterrassa-y-camara-de-comercio-de-terrassa-lanzan-el-programa-rhia-vo-para-impulsar-la-inteligencia-artificial-en-el-sector-hospitalario-del-valles-occidental\/","name":"La Fundaci\u00f3n Leitat, M\u00fatuaTerrassa y C\u00e1mara de Comercio de Terrassa lanzan el programa RHIA-VO para impulsar la inteligencia artificial en el sector hospitalario del Vall\u00e8s Occidental - Cambra de Comer\u00e7 de Terrassa","isPartOf":{"@id":"https:\/\/cambraterrassa.org\/#website"},"primaryImageOfPage":{"@id":"https:\/\/cambraterrassa.org\/es\/la-fundacion-leitat-mutuaterrassa-y-camara-de-comercio-de-terrassa-lanzan-el-programa-rhia-vo-para-impulsar-la-inteligencia-artificial-en-el-sector-hospitalario-del-valles-occidental\/#primaryimage"},"image":{"@id":"https:\/\/cambraterrassa.org\/es\/la-fundacion-leitat-mutuaterrassa-y-camara-de-comercio-de-terrassa-lanzan-el-programa-rhia-vo-para-impulsar-la-inteligencia-artificial-en-el-sector-hospitalario-del-valles-occidental\/#primaryimage"},"thumbnailUrl":"https:\/\/cambraterrassa.org\/wp-content\/uploads\/2025\/10\/o2ozimt4bqfTqFxZZ_KhhdoGntbE-image.webp","datePublished":"2025-10-27T13:55:32+00:00","dateModified":"2026-03-05T10:33:44+00:00","author":{"@id":"https:\/\/cambraterrassa.org\/#\/schema\/person\/0bc07fb0860401623e478b0d7affcf74"},"breadcrumb":{"@id":"https:\/\/cambraterrassa.org\/es\/la-fundacion-leitat-mutuaterrassa-y-camara-de-comercio-de-terrassa-lanzan-el-programa-rhia-vo-para-impulsar-la-inteligencia-artificial-en-el-sector-hospitalario-del-valles-occidental\/#breadcrumb"},"inLanguage":"es","potentialAction":[{"@type":"ReadAction","target":["https:\/\/cambraterrassa.org\/es\/la-fundacion-leitat-mutuaterrassa-y-camara-de-comercio-de-terrassa-lanzan-el-programa-rhia-vo-para-impulsar-la-inteligencia-artificial-en-el-sector-hospitalario-del-valles-occidental\/"]}]},{"@type":"ImageObject","inLanguage":"es","@id":"https:\/\/cambraterrassa.org\/es\/la-fundacion-leitat-mutuaterrassa-y-camara-de-comercio-de-terrassa-lanzan-el-programa-rhia-vo-para-impulsar-la-inteligencia-artificial-en-el-sector-hospitalario-del-valles-occidental\/#primaryimage","url":"https:\/\/cambraterrassa.org\/wp-content\/uploads\/2025\/10\/o2ozimt4bqfTqFxZZ_KhhdoGntbE-image.webp","contentUrl":"https:\/\/cambraterrassa.org\/wp-content\/uploads\/2025\/10\/o2ozimt4bqfTqFxZZ_KhhdoGntbE-image.webp","width":1536,"height":1024,"caption":"programa RHIA-VO"},{"@type":"BreadcrumbList","@id":"https:\/\/cambraterrassa.org\/es\/la-fundacion-leitat-mutuaterrassa-y-camara-de-comercio-de-terrassa-lanzan-el-programa-rhia-vo-para-impulsar-la-inteligencia-artificial-en-el-sector-hospitalario-del-valles-occidental\/#breadcrumb","itemListElement":[{"@type":"ListItem","position":1,"name":"Inici","item":"https:\/\/cambraterrassa.org\/"},{"@type":"ListItem","position":2,"name":"La Fundaci\u00f3n Leitat, M\u00fatuaTerrassa y C\u00e1mara de Comercio de Terrassa lanzan el programa RHIA-VO para impulsar la inteligencia artificial en el sector hospitalario del Vall\u00e8s Occidental"}]},{"@type":"WebSite","@id":"https:\/\/cambraterrassa.org\/#website","url":"https:\/\/cambraterrassa.org\/","name":"Cambra de Comer\u00e7 de Terrassa","description":"","potentialAction":[{"@type":"SearchAction","target":{"@type":"EntryPoint","urlTemplate":"https:\/\/cambraterrassa.org\/?s={search_term_string}"},"query-input":{"@type":"PropertyValueSpecification","valueRequired":true,"valueName":"search_term_string"}}],"inLanguage":"es"},{"@type":"Person","@id":"https:\/\/cambraterrassa.org\/#\/schema\/person\/0bc07fb0860401623e478b0d7affcf74","name":"Cambra Comer\u00e7 de Terrassa","image":{"@type":"ImageObject","inLanguage":"es","@id":"https:\/\/cambraterrassa.org\/wp-content\/litespeed\/avatar\/8add9977fa63207228a0c4a26e142cd7.jpg?ver=1777644903","url":"https:\/\/cambraterrassa.org\/wp-content\/litespeed\/avatar\/8add9977fa63207228a0c4a26e142cd7.jpg?ver=1777644903","contentUrl":"https:\/\/cambraterrassa.org\/wp-content\/litespeed\/avatar\/8add9977fa63207228a0c4a26e142cd7.jpg?ver=1777644903","caption":"Cambra Comer\u00e7 de Terrassa"},"url":"https:\/\/cambraterrassa.org\/es\/author\/paula\/"}]}},"_links":{"self":[{"href":"https:\/\/cambraterrassa.org\/es\/wp-json\/wp\/v2\/posts\/52432","targetHints":{"allow":["GET"]}}],"collection":[{"href":"https:\/\/cambraterrassa.org\/es\/wp-json\/wp\/v2\/posts"}],"about":[{"href":"https:\/\/cambraterrassa.org\/es\/wp-json\/wp\/v2\/types\/post"}],"author":[{"embeddable":true,"href":"https:\/\/cambraterrassa.org\/es\/wp-json\/wp\/v2\/users\/4"}],"replies":[{"embeddable":true,"href":"https:\/\/cambraterrassa.org\/es\/wp-json\/wp\/v2\/comments?post=52432"}],"version-history":[{"count":0,"href":"https:\/\/cambraterrassa.org\/es\/wp-json\/wp\/v2\/posts\/52432\/revisions"}],"wp:featuredmedia":[{"embeddable":true,"href":"https:\/\/cambraterrassa.org\/es\/wp-json\/wp\/v2\/media\/47247"}],"wp:attachment":[{"href":"https:\/\/cambraterrassa.org\/es\/wp-json\/wp\/v2\/media?parent=52432"}],"wp:term":[{"taxonomy":"category","embeddable":true,"href":"https:\/\/cambraterrassa.org\/es\/wp-json\/wp\/v2\/categories?post=52432"},{"taxonomy":"post_tag","embeddable":true,"href":"https:\/\/cambraterrassa.org\/es\/wp-json\/wp\/v2\/tags?post=52432"}],"curies":[{"name":"wp","href":"https:\/\/api.w.org\/{rel}","templated":true}]}}